{"id":20076,"date":"2018-08-24T05:43:22","date_gmt":"2018-08-24T03:43:22","guid":{"rendered":"http:\/\/www.kunstgalerie-barbara.de\/blog\/?p=20076"},"modified":"2018-08-24T05:43:22","modified_gmt":"2018-08-24T03:43:22","slug":"brachen-im-hafen-sind-wichtige-refugien-fuer-wildpflanzen-und-insekten-darueber-hinaus-wunderschoen-anzusehen","status":"publish","type":"post","link":"http:\/\/www.kunstgalerie-barbara.de\/blog\/2018\/08\/brachen-im-hafen-sind-wichtige-refugien-fuer-wildpflanzen-und-insekten-darueber-hinaus-wunderschoen-anzusehen\/","title":{"rendered":"Brachen im Hafen sind wichtige Refugien f\u00fcr Wildpflanzen und Insekten, dar\u00fcber hinaus wundersch\u00f6n anzusehen&#8230;"},"content":{"rendered":"<p><a href=\"http:\/\/www.kunstgalerie-barbara.de\/blog\/wp-content\/uploads\/2018\/08\/G\u00e4rtnerei.jpg\"><img loading=\"lazy\" decoding=\"async\" class=\"aligncenter  wp-image-20077\" src=\"http:\/\/www.kunstgalerie-barbara.de\/blog\/wp-content\/uploads\/2018\/08\/G\u00e4rtnerei-217x300.jpg\" alt=\"\" width=\"444\" height=\"614\" srcset=\"http:\/\/www.kunstgalerie-barbara.de\/blog\/wp-content\/uploads\/2018\/08\/G\u00e4rtnerei-217x300.jpg 217w, http:\/\/www.kunstgalerie-barbara.de\/blog\/wp-content\/uploads\/2018\/08\/G\u00e4rtnerei-768x1063.jpg 768w, http:\/\/www.kunstgalerie-barbara.de\/blog\/wp-content\/uploads\/2018\/08\/G\u00e4rtnerei-740x1024.jpg 740w\" sizes=\"(max-width: 444px) 100vw, 444px\" \/><\/a><\/p>\n","protected":false},"excerpt":{"rendered":"","protected":false},"author":1,"featured_media":0,"comment_status":"open","ping_status":"open","sticky":false,"template":"","format":"standard","meta":{"footnotes":""},"categories":[70,22,19,79,67],"tags":[96,94,95,99,97,101,102,98,100],"jetpack_featured_media_url":"","_links":{"self":[{"href":"http:\/\/www.kunstgalerie-barbara.de\/blog\/wp-json\/wp\/v2\/posts\/20076"}],"collection":[{"href":"http:\/\/www.kunstgalerie-barbara.de\/blog\/wp-json\/wp\/v2\/posts"}],"about":[{"href":"http:\/\/www.kunstgalerie-barbara.de\/blog\/wp-json\/wp\/v2\/types\/post"}],"author":[{"embeddable":true,"href":"http:\/\/www.kunstgalerie-barbara.de\/blog\/wp-json\/wp\/v2\/users\/1"}],"replies":[{"embeddable":true,"href":"http:\/\/www.kunstgalerie-barbara.de\/blog\/wp-json\/wp\/v2\/comments?post=20076"}],"version-history":[{"count":1,"href":"http:\/\/www.kunstgalerie-barbara.de\/blog\/wp-json\/wp\/v2\/posts\/20076\/revisions"}],"predecessor-version":[{"id":20078,"href":"http:\/\/www.kunstgalerie-barbara.de\/blog\/wp-json\/wp\/v2\/posts\/20076\/revisions\/20078"}],"wp:attachment":[{"href":"http:\/\/www.kunstgalerie-barbara.de\/blog\/wp-json\/wp\/v2\/media?parent=20076"}],"wp:term":[{"taxonomy":"category","embeddable":true,"href":"http:\/\/www.kunstgalerie-barbara.de\/blog\/wp-json\/wp\/v2\/categories?post=20076"},{"taxonomy":"post_tag","embeddable":true,"href":"http:\/\/www.kunstgalerie-barbara.de\/blog\/wp-json\/wp\/v2\/tags?post=20076"}],"curies":[{"name":"wp","href":"https:\/\/api.w.org\/{rel}","templated":true}]}}