{"id":20140,"date":"2018-09-14T05:47:03","date_gmt":"2018-09-14T03:47:03","guid":{"rendered":"http:\/\/www.kunstgalerie-barbara.de\/blog\/?p=20140"},"modified":"2018-09-14T05:49:20","modified_gmt":"2018-09-14T03:49:20","slug":"schoenheit-der-ebbe-zum-glueck-ist-die-wurster-kueste-bisher-ohne-plastikmuell-geblieben","status":"publish","type":"post","link":"http:\/\/www.kunstgalerie-barbara.de\/blog\/2018\/09\/schoenheit-der-ebbe-zum-glueck-ist-die-wurster-kueste-bisher-ohne-plastikmuell-geblieben\/","title":{"rendered":"Sch\u00f6nheit der Ebbe&#8230; Zum Gl\u00fcck ist die Wurster K\u00fcste bisher ohne Plastikm\u00fcll geblieben&#8230;."},"content":{"rendered":"<p><a href=\"http:\/\/www.kunstgalerie-barbara.de\/blog\/wp-content\/uploads\/2018\/09\/P1170813.jpg\"><img loading=\"lazy\" decoding=\"async\" class=\"aligncenter wp-image-20141\" src=\"http:\/\/www.kunstgalerie-barbara.de\/blog\/wp-content\/uploads\/2018\/09\/P1170813-300x226.jpg\" alt=\"\" width=\"465\" height=\"350\" srcset=\"http:\/\/www.kunstgalerie-barbara.de\/blog\/wp-content\/uploads\/2018\/09\/P1170813-300x226.jpg 300w, http:\/\/www.kunstgalerie-barbara.de\/blog\/wp-content\/uploads\/2018\/09\/P1170813-768x578.jpg 768w, http:\/\/www.kunstgalerie-barbara.de\/blog\/wp-content\/uploads\/2018\/09\/P1170813-1024x771.jpg 1024w\" sizes=\"(max-width: 465px) 100vw, 465px\" \/><\/a><\/p>\n","protected":false},"excerpt":{"rendered":"","protected":false},"author":1,"featured_media":0,"comment_status":"open","ping_status":"open","sticky":false,"template":"","format":"standard","meta":{"footnotes":""},"categories":[70,73,19,67,51,64],"tags":[143,141,138,97,140,135,137,139,142,136],"jetpack_featured_media_url":"","_links":{"self":[{"href":"http:\/\/www.kunstgalerie-barbara.de\/blog\/wp-json\/wp\/v2\/posts\/20140"}],"collection":[{"href":"http:\/\/www.kunstgalerie-barbara.de\/blog\/wp-json\/wp\/v2\/posts"}],"about":[{"href":"http:\/\/www.kunstgalerie-barbara.de\/blog\/wp-json\/wp\/v2\/types\/post"}],"author":[{"embeddable":true,"href":"http:\/\/www.kunstgalerie-barbara.de\/blog\/wp-json\/wp\/v2\/users\/1"}],"replies":[{"embeddable":true,"href":"http:\/\/www.kunstgalerie-barbara.de\/blog\/wp-json\/wp\/v2\/comments?post=20140"}],"version-history":[{"count":1,"href":"http:\/\/www.kunstgalerie-barbara.de\/blog\/wp-json\/wp\/v2\/posts\/20140\/revisions"}],"predecessor-version":[{"id":20142,"href":"http:\/\/www.kunstgalerie-barbara.de\/blog\/wp-json\/wp\/v2\/posts\/20140\/revisions\/20142"}],"wp:attachment":[{"href":"http:\/\/www.kunstgalerie-barbara.de\/blog\/wp-json\/wp\/v2\/media?parent=20140"}],"wp:term":[{"taxonomy":"category","embeddable":true,"href":"http:\/\/www.kunstgalerie-barbara.de\/blog\/wp-json\/wp\/v2\/categories?post=20140"},{"taxonomy":"post_tag","embeddable":true,"href":"http:\/\/www.kunstgalerie-barbara.de\/blog\/wp-json\/wp\/v2\/tags?post=20140"}],"curies":[{"name":"wp","href":"https:\/\/api.w.org\/{rel}","templated":true}]}}