{"id":20277,"date":"2018-10-25T13:49:45","date_gmt":"2018-10-25T11:49:45","guid":{"rendered":"http:\/\/www.kunstgalerie-barbara.de\/blog\/?p=20277"},"modified":"2018-10-25T13:49:45","modified_gmt":"2018-10-25T11:49:45","slug":"zehn-fluesse-weltweit-befoerdern-einen-enorm-grossen-anteil-plastikmuell-ins-meer-hat-eine-datenauswertung-von-umweltforschern-ergeben-am-meisten-kunststoff-bringt-der-jangtse-in-die-ozeane-gefolgt","status":"publish","type":"post","link":"http:\/\/www.kunstgalerie-barbara.de\/blog\/2018\/10\/zehn-fluesse-weltweit-befoerdern-einen-enorm-grossen-anteil-plastikmuell-ins-meer-hat-eine-datenauswertung-von-umweltforschern-ergeben-am-meisten-kunststoff-bringt-der-jangtse-in-die-ozeane-gefolgt\/","title":{"rendered":"Zehn Fl\u00fcsse weltweit bef\u00f6rdern einen enorm gro\u00dfen Anteil Plastikm\u00fcll ins Meer, hat eine Datenauswertung von Umweltforschern ergeben. Am meisten Kunststoff bringt der Jangtse in die Ozeane, gefolgt von Indus und Gelbem Fluss."},"content":{"rendered":"<div class=\"mtm _4fzb\">\n<div class=\"mtm _5pco\" data-ad-preview=\"message\" data-ft=\"{&quot;tn&quot;:&quot;K&quot;}\">\n<p>&nbsp;<\/p>\n<\/div>\n<\/div>\n<div class=\"_3b6i _5zb3\">\n<div data-ft=\"{&quot;tn&quot;:&quot;H&quot;}\">\n<div class=\"mtm\">\n<div id=\"u_jsonp_20_q\" class=\"_6m2 _1zpr clearfix _dcs _4_w4 _59ap _2bf7 _64lx _3eqz _20pq _3eqw _2rk1 _1-9r\" data-ft=\"{&quot;tn&quot;:&quot;H&quot;}\">\n<div class=\"clearfix _2r3x\">\n<div class=\"lfloat _ohe\">\n<div class=\"_6ks\">\n<div class=\"_6l- __c_\" data-ad-preview=\"image-container\">\n<div class=\"uiScaledImageContainer _6m5 fbStoryAttachmentImage\"><img loading=\"lazy\" decoding=\"async\" class=\"scaledImageFitWidth img\" src=\"https:\/\/external.fham3-1.fna.fbcdn.net\/safe_image.php?d=AQCYtwUbTvMfOfl6&amp;w=540&amp;h=282&amp;url=https%3A%2F%2Fmedia-cdn.sueddeutsche.de%2Fimage%2Fsz.1.3706321%2F1200x675%3Fv%3D1507820197&amp;cfs=1&amp;upscale=1&amp;fallback=news_d_placeholder_publisher&amp;_nc_hash=AQD4BGRWDx0kDrgs\" alt=\"\" width=\"490\" height=\"256\" data-ad-preview=\"image\" aria-label=\"Bild k\u00f6nnte enthalten: im Freien und Natur\" \/><\/div>\n<\/div>\n<\/div>\n<\/div>\n<\/div>\n<\/div>\n<\/div>\n<\/div>\n<\/div>\n","protected":false},"excerpt":{"rendered":"<p>&nbsp;<\/p>\n","protected":false},"author":1,"featured_media":0,"comment_status":"open","ping_status":"open","sticky":false,"template":"","format":"standard","meta":{"footnotes":""},"categories":[42,75,67,51,64],"tags":[],"jetpack_featured_media_url":"","_links":{"self":[{"href":"http:\/\/www.kunstgalerie-barbara.de\/blog\/wp-json\/wp\/v2\/posts\/20277"}],"collection":[{"href":"http:\/\/www.kunstgalerie-barbara.de\/blog\/wp-json\/wp\/v2\/posts"}],"about":[{"href":"http:\/\/www.kunstgalerie-barbara.de\/blog\/wp-json\/wp\/v2\/types\/post"}],"author":[{"embeddable":true,"href":"http:\/\/www.kunstgalerie-barbara.de\/blog\/wp-json\/wp\/v2\/users\/1"}],"replies":[{"embeddable":true,"href":"http:\/\/www.kunstgalerie-barbara.de\/blog\/wp-json\/wp\/v2\/comments?post=20277"}],"version-history":[{"count":1,"href":"http:\/\/www.kunstgalerie-barbara.de\/blog\/wp-json\/wp\/v2\/posts\/20277\/revisions"}],"predecessor-version":[{"id":20278,"href":"http:\/\/www.kunstgalerie-barbara.de\/blog\/wp-json\/wp\/v2\/posts\/20277\/revisions\/20278"}],"wp:attachment":[{"href":"http:\/\/www.kunstgalerie-barbara.de\/blog\/wp-json\/wp\/v2\/media?parent=20277"}],"wp:term":[{"taxonomy":"category","embeddable":true,"href":"http:\/\/www.kunstgalerie-barbara.de\/blog\/wp-json\/wp\/v2\/categories?post=20277"},{"taxonomy":"post_tag","embeddable":true,"href":"http:\/\/www.kunstgalerie-barbara.de\/blog\/wp-json\/wp\/v2\/tags?post=20277"}],"curies":[{"name":"wp","href":"https:\/\/api.w.org\/{rel}","templated":true}]}}