{"id":20291,"date":"2018-10-28T07:15:22","date_gmt":"2018-10-28T05:15:22","guid":{"rendered":"http:\/\/www.kunstgalerie-barbara.de\/blog\/?p=20291"},"modified":"2018-10-28T07:15:22","modified_gmt":"2018-10-28T05:15:22","slug":"fruehling-im-herbst-bueschelschoen-und-winterraps-blueht-und-nichts-ist-mehr-zu-hoeren-von-futtermittelknappheit","status":"publish","type":"post","link":"http:\/\/www.kunstgalerie-barbara.de\/blog\/2018\/10\/fruehling-im-herbst-bueschelschoen-und-winterraps-blueht-und-nichts-ist-mehr-zu-hoeren-von-futtermittelknappheit\/","title":{"rendered":"Fr\u00fchling im Herbst, B\u00fcschelsch\u00f6n und Winterraps bl\u00fcht und nichts ist mehr zu h\u00f6ren von Futtermittelknappheit&#8230;."},"content":{"rendered":"<p><a href=\"http:\/\/www.kunstgalerie-barbara.de\/blog\/wp-content\/uploads\/2018\/10\/P1210242.jpg\"><img loading=\"lazy\" decoding=\"async\" class=\"aligncenter  wp-image-20292\" src=\"http:\/\/www.kunstgalerie-barbara.de\/blog\/wp-content\/uploads\/2018\/10\/P1210242-300x225.jpg\" alt=\"\" width=\"453\" height=\"340\" srcset=\"http:\/\/www.kunstgalerie-barbara.de\/blog\/wp-content\/uploads\/2018\/10\/P1210242-300x225.jpg 300w, http:\/\/www.kunstgalerie-barbara.de\/blog\/wp-content\/uploads\/2018\/10\/P1210242-768x576.jpg 768w, http:\/\/www.kunstgalerie-barbara.de\/blog\/wp-content\/uploads\/2018\/10\/P1210242-1024x768.jpg 1024w\" sizes=\"(max-width: 453px) 100vw, 453px\" \/><\/a><\/p>\n","protected":false},"excerpt":{"rendered":"","protected":false},"author":1,"featured_media":0,"comment_status":"open","ping_status":"open","sticky":false,"template":"","format":"standard","meta":{"footnotes":""},"categories":[70,73,19,51,64],"tags":[261,257,115,224,258,260,259,256],"jetpack_featured_media_url":"","_links":{"self":[{"href":"http:\/\/www.kunstgalerie-barbara.de\/blog\/wp-json\/wp\/v2\/posts\/20291"}],"collection":[{"href":"http:\/\/www.kunstgalerie-barbara.de\/blog\/wp-json\/wp\/v2\/posts"}],"about":[{"href":"http:\/\/www.kunstgalerie-barbara.de\/blog\/wp-json\/wp\/v2\/types\/post"}],"author":[{"embeddable":true,"href":"http:\/\/www.kunstgalerie-barbara.de\/blog\/wp-json\/wp\/v2\/users\/1"}],"replies":[{"embeddable":true,"href":"http:\/\/www.kunstgalerie-barbara.de\/blog\/wp-json\/wp\/v2\/comments?post=20291"}],"version-history":[{"count":1,"href":"http:\/\/www.kunstgalerie-barbara.de\/blog\/wp-json\/wp\/v2\/posts\/20291\/revisions"}],"predecessor-version":[{"id":20293,"href":"http:\/\/www.kunstgalerie-barbara.de\/blog\/wp-json\/wp\/v2\/posts\/20291\/revisions\/20293"}],"wp:attachment":[{"href":"http:\/\/www.kunstgalerie-barbara.de\/blog\/wp-json\/wp\/v2\/media?parent=20291"}],"wp:term":[{"taxonomy":"category","embeddable":true,"href":"http:\/\/www.kunstgalerie-barbara.de\/blog\/wp-json\/wp\/v2\/categories?post=20291"},{"taxonomy":"post_tag","embeddable":true,"href":"http:\/\/www.kunstgalerie-barbara.de\/blog\/wp-json\/wp\/v2\/tags?post=20291"}],"curies":[{"name":"wp","href":"https:\/\/api.w.org\/{rel}","templated":true}]}}