{"id":20363,"date":"2018-11-24T08:21:24","date_gmt":"2018-11-24T06:21:24","guid":{"rendered":"http:\/\/www.kunstgalerie-barbara.de\/blog\/?p=20363"},"modified":"2018-11-24T09:05:49","modified_gmt":"2018-11-24T07:05:49","slug":"eines-der-letzten-nicht-bebauten-grundstuecke-das-muehlenfeld-vor-der-oberneulander-muehle-soll-demnaechst-mit-gebaeuden-bepflastert-werden-dies-muss-verhindert-werden-lasst-der-natur-ihren-raum-u","status":"publish","type":"post","link":"http:\/\/www.kunstgalerie-barbara.de\/blog\/2018\/11\/eines-der-letzten-nicht-bebauten-grundstuecke-das-muehlenfeld-vor-der-oberneulander-muehle-soll-demnaechst-mit-gebaeuden-bepflastert-werden-dies-muss-verhindert-werden-lasst-der-natur-ihren-raum-u\/","title":{"rendered":"Eines der letzten nicht bebauten Grundst\u00fccke, das M\u00fchlenfeld, vor der Oberneulander M\u00fchle soll demn\u00e4chst mit Geb\u00e4uden bepflastert werden, dies mu\u00df verhindert werden. La\u00dft der Natur ihren Raum und unterschreibt die Petition weiter unten&#8230;."},"content":{"rendered":"<p><a href=\"https:\/\/www.change.org\/p\/carsten-sieling-f%C3%BCr-eine-sinnvolle-bebauung-des-m%C3%BChlenfeldes-in-bremen-oberneuland?recruiter=54171434&amp;utm_source=share_petition&amp;utm_medium=facebook&amp;utm_campaign=psf_combo_share_abi.pacific_abi_select_all_contacts.select_all.pacific_email_copy_en_gb_4.v1.pacific_email_copy_en_us_5.v1.pacific_email_copy_en_us_3.control.pacific_post_sap_share_gmail_abi.control.lightning_2primary_share_options_more.fake_control&amp;utm_term=undefined&amp;utm_content=fht-13585345-de-de%3Av4&amp;fbclid=IwAR34EnwNp-_PstHSy1_4CR-QZ9oTwr3xpAuU8CV2jwUSIFx7OE-fLi4UgJY\">https:\/\/www.change.org\/p\/carsten-sieling-f%C3%BCr-eine-<\/a><\/p>\n<p><a href=\"http:\/\/www.kunstgalerie-barbara.de\/blog\/wp-content\/uploads\/2018\/11\/Oberneuland.jpg\"><img loading=\"lazy\" decoding=\"async\" class=\"aligncenter wp-image-20368\" src=\"http:\/\/www.kunstgalerie-barbara.de\/blog\/wp-content\/uploads\/2018\/11\/Oberneuland-217x300.jpg\" alt=\"\" width=\"447\" height=\"618\" srcset=\"http:\/\/www.kunstgalerie-barbara.de\/blog\/wp-content\/uploads\/2018\/11\/Oberneuland-217x300.jpg 217w, http:\/\/www.kunstgalerie-barbara.de\/blog\/wp-content\/uploads\/2018\/11\/Oberneuland-768x1063.jpg 768w, http:\/\/www.kunstgalerie-barbara.de\/blog\/wp-content\/uploads\/2018\/11\/Oberneuland-740x1024.jpg 740w\" sizes=\"(max-width: 447px) 100vw, 447px\" \/><\/a><a href=\"https:\/\/www.change.org\/p\/carsten-sieling-f%C3%BCr-eine-sinnvolle-bebauung-des-m%C3%BChlenfeldes-in-bremen-oberneuland?recruiter=54171434&amp;utm_source=share_petition&amp;utm_medium=facebook&amp;utm_campaign=psf_combo_share_abi.pacific_abi_select_all_contacts.select_all.pacific_email_copy_en_gb_4.v1.pacific_email_copy_en_us_5.v1.pacific_email_copy_en_us_3.control.pacific_post_sap_share_gmail_abi.control.lightning_2primary_share_options_more.fake_control&amp;utm_term=undefined&amp;utm_content=fht-13585345-de-de%3Av4&amp;fbclid=IwAR34EnwNp-_PstHSy1_4CR-QZ9oTwr3xpAuU8CV2jwUSIFx7OE-fLi4UgJY\">sinnvolle-bebauung-des-m%C3%BChlenfeldes-in-bremen-oberneuland?recruiter=54171434&amp;utm_source=share_petition&amp;utm_medium=facebook&amp;utm_campaign=psf_combo_share_abi.pacific_abi_select_all_contacts.select_all.pacific_email_copy_en_gb_4.v1.pacific_email_copy_en_us_5.v1.pacific_email_copy_en_us_3.control.pacific_post_sap_share_gmail_abi.control.lightning_2primary_share_options_more.fake_control&amp;utm_term=undefined&amp;utm_content=fht-13585345-de-de%3Av4&amp;fbclid=IwAR34EnwNp-_PstHSy1_4CR-QZ9oTwr3xpAuU8CV2jwUSIFx7OE-fLi4UgJY<\/a><\/p>\n","protected":false},"excerpt":{"rendered":"<p>https:\/\/www.change.org\/p\/carsten-sieling-f%C3%BCr-eine- sinnvolle-bebauung-des-m%C3%BChlenfeldes-in-bremen-oberneuland?recruiter=54171434&amp;utm_source=share_petition&amp;utm_medium=facebook&amp;utm_campaign=psf_combo_share_abi.pacific_abi_select_all_contacts.select_all.pacific_email_copy_en_gb_4.v1.pacific_email_copy_en_us_5.v1.pacific_email_copy_en_us_3.control.pacific_post_sap_share_gmail_abi.control.lightning_2primary_share_options_more.fake_control&amp;utm_term=undefined&amp;utm_content=fht-13585345-de-de%3Av4&amp;fbclid=IwAR34EnwNp-_PstHSy1_4CR-QZ9oTwr3xpAuU8CV2jwUSIFx7OE-fLi4UgJY<\/p>\n","protected":false},"author":1,"featured_media":0,"comment_status":"open","ping_status":"open","sticky":false,"template":"","format":"standard","meta":{"footnotes":""},"categories":[70,73,42,67,40,51],"tags":[188,293,319,317,97,316,318],"jetpack_featured_media_url":"","_links":{"self":[{"href":"http:\/\/www.kunstgalerie-barbara.de\/blog\/wp-json\/wp\/v2\/posts\/20363"}],"collection":[{"href":"http:\/\/www.kunstgalerie-barbara.de\/blog\/wp-json\/wp\/v2\/posts"}],"about":[{"href":"http:\/\/www.kunstgalerie-barbara.de\/blog\/wp-json\/wp\/v2\/types\/post"}],"author":[{"embeddable":true,"href":"http:\/\/www.kunstgalerie-barbara.de\/blog\/wp-json\/wp\/v2\/users\/1"}],"replies":[{"embeddable":true,"href":"http:\/\/www.kunstgalerie-barbara.de\/blog\/wp-json\/wp\/v2\/comments?post=20363"}],"version-history":[{"count":3,"href":"http:\/\/www.kunstgalerie-barbara.de\/blog\/wp-json\/wp\/v2\/posts\/20363\/revisions"}],"predecessor-version":[{"id":20371,"href":"http:\/\/www.kunstgalerie-barbara.de\/blog\/wp-json\/wp\/v2\/posts\/20363\/revisions\/20371"}],"wp:attachment":[{"href":"http:\/\/www.kunstgalerie-barbara.de\/blog\/wp-json\/wp\/v2\/media?parent=20363"}],"wp:term":[{"taxonomy":"category","embeddable":true,"href":"http:\/\/www.kunstgalerie-barbara.de\/blog\/wp-json\/wp\/v2\/categories?post=20363"},{"taxonomy":"post_tag","embeddable":true,"href":"http:\/\/www.kunstgalerie-barbara.de\/blog\/wp-json\/wp\/v2\/tags?post=20363"}],"curies":[{"name":"wp","href":"https:\/\/api.w.org\/{rel}","templated":true}]}}