{"id":20560,"date":"2019-02-12T06:15:21","date_gmt":"2019-02-12T04:15:21","guid":{"rendered":"http:\/\/www.kunstgalerie-barbara.de\/blog\/?p=20560"},"modified":"2019-02-12T06:15:21","modified_gmt":"2019-02-12T04:15:21","slug":"unsere-bienen-sind-bedroht-vor-allem-der-einsatz-gefaehrlicher-pestizide-belastet-die-voelker-dabei-sind-die-tiere-ein-wichtiger-wirtschaftsfaktor-weniger-bienen-heisst-nicht-nur-weniger-honig-son","status":"publish","type":"post","link":"http:\/\/www.kunstgalerie-barbara.de\/blog\/2019\/02\/unsere-bienen-sind-bedroht-vor-allem-der-einsatz-gefaehrlicher-pestizide-belastet-die-voelker-dabei-sind-die-tiere-ein-wichtiger-wirtschaftsfaktor-weniger-bienen-heisst-nicht-nur-weniger-honig-son\/","title":{"rendered":"Unsere Bienen sind bedroht: Vor allem der Einsatz gef\u00e4hrlicher Pestizide belastet die V\u00f6lker. Dabei sind die Tiere ein wichtiger Wirtschaftsfaktor: Weniger Bienen hei\u00dft nicht nur weniger Honig, sondern auch weniger Obst und Gem\u00fcse. Imker zeigen sich besorgt."},"content":{"rendered":"<p><a href=\"http:\/\/iframe%20src=https:\/\/www.tagesschau.de\/multimedia\/video\/video1325134~player_branded-true.html%20frameborder=0%20webkitAllowFullScreen%20mozallowfullscreen%20allowFullScreen%20width=800px%20height=450px\/iframe\">http:\/\/<iframe loading=\"lazy\" src=\"https:\/\/www.tagesschau.de\/multimedia\/video\/video1325134~player_branded-true.html\" width=\"800px\" height=\"450px\" frameborder=\"0\" allowfullscreen=\"allowfullscreen\"><\/iframe><\/a><\/p>\n","protected":false},"excerpt":{"rendered":"<p>http:\/\/<\/p>\n","protected":false},"author":1,"featured_media":0,"comment_status":"open","ping_status":"open","sticky":false,"template":"","format":"standard","meta":{"footnotes":""},"categories":[69,74,75,67,71,51,64],"tags":[488,105,466,108,486,99,490,213,211,97,489,185,135,487],"jetpack_featured_media_url":"","_links":{"self":[{"href":"http:\/\/www.kunstgalerie-barbara.de\/blog\/wp-json\/wp\/v2\/posts\/20560"}],"collection":[{"href":"http:\/\/www.kunstgalerie-barbara.de\/blog\/wp-json\/wp\/v2\/posts"}],"about":[{"href":"http:\/\/www.kunstgalerie-barbara.de\/blog\/wp-json\/wp\/v2\/types\/post"}],"author":[{"embeddable":true,"href":"http:\/\/www.kunstgalerie-barbara.de\/blog\/wp-json\/wp\/v2\/users\/1"}],"replies":[{"embeddable":true,"href":"http:\/\/www.kunstgalerie-barbara.de\/blog\/wp-json\/wp\/v2\/comments?post=20560"}],"version-history":[{"count":1,"href":"http:\/\/www.kunstgalerie-barbara.de\/blog\/wp-json\/wp\/v2\/posts\/20560\/revisions"}],"predecessor-version":[{"id":20561,"href":"http:\/\/www.kunstgalerie-barbara.de\/blog\/wp-json\/wp\/v2\/posts\/20560\/revisions\/20561"}],"wp:attachment":[{"href":"http:\/\/www.kunstgalerie-barbara.de\/blog\/wp-json\/wp\/v2\/media?parent=20560"}],"wp:term":[{"taxonomy":"category","embeddable":true,"href":"http:\/\/www.kunstgalerie-barbara.de\/blog\/wp-json\/wp\/v2\/categories?post=20560"},{"taxonomy":"post_tag","embeddable":true,"href":"http:\/\/www.kunstgalerie-barbara.de\/blog\/wp-json\/wp\/v2\/tags?post=20560"}],"curies":[{"name":"wp","href":"https:\/\/api.w.org\/{rel}","templated":true}]}}