{"id":20630,"date":"2019-03-13T06:38:11","date_gmt":"2019-03-13T04:38:11","guid":{"rendered":"http:\/\/www.kunstgalerie-barbara.de\/blog\/?p=20630"},"modified":"2019-03-15T06:38:18","modified_gmt":"2019-03-15T04:38:18","slug":"was-wollt-ihr-einen-fantastischen-mobilfunk-oder-baeume-beides-geht-vermutlich-nicht-wir-muessen-uns-entscheiden-und-das-sehr-schnell-wollen-wir-des-mobilfunks-wegen-kuenftig-in-unseren-staedten-o","status":"publish","type":"post","link":"http:\/\/www.kunstgalerie-barbara.de\/blog\/2019\/03\/was-wollt-ihr-einen-fantastischen-mobilfunk-oder-baeume-beides-geht-vermutlich-nicht-wir-muessen-uns-entscheiden-und-das-sehr-schnell-wollen-wir-des-mobilfunks-wegen-kuenftig-in-unseren-staedten-o\/","title":{"rendered":"Was wollt Ihr einen fantastischen Mobilfunk oder B\u00e4ume, beides geht vermutlich nicht. Wir m\u00fcssen uns entscheiden und das sehr schnell. Wollen wir des Mobilfunks wegen, k\u00fcnftig in unseren St\u00e4dten ohne B\u00e4ume leben? Vermutlich werden ne Menge Menschen sich eines superschnellen Internet wegen gegen B\u00e4ume entscheiden. Dann entscheiden sie sich allerdings auch langfristig gegen Sauerstoff und gegen Leben&#8230;.."},"content":{"rendered":"<p>&nbsp;<\/p>\n<p>&nbsp;<\/p>\n<p>&nbsp;<\/p>\n<p><iframe loading=\"lazy\" title=\"Warum wegen 5g alle B\u00e4ume aus den St\u00e4dten verschwinden\" width=\"960\" height=\"540\" src=\"https:\/\/www.youtube.com\/embed\/vCyvo0wsSQg?feature=oembed\" frameborder=\"0\" allow=\"accelerometer; autoplay; encrypted-media; gyroscope; picture-in-picture\" allowfullscreen><\/iframe><\/p>\n<p>&nbsp;<\/p>\n","protected":false},"excerpt":{"rendered":"<p>&nbsp; &nbsp; &nbsp; &nbsp;<\/p>\n","protected":false},"author":1,"featured_media":20632,"comment_status":"open","ping_status":"open","sticky":false,"template":"","format":"standard","meta":{"footnotes":""},"categories":[42,75,40,51,64],"tags":[562,253,563,564,565,561,560,566],"jetpack_featured_media_url":"http:\/\/www.kunstgalerie-barbara.de\/blog\/wp-content\/uploads\/2019\/03\/was-wollt-ihr-einen-fantastische.jpg","_links":{"self":[{"href":"http:\/\/www.kunstgalerie-barbara.de\/blog\/wp-json\/wp\/v2\/posts\/20630"}],"collection":[{"href":"http:\/\/www.kunstgalerie-barbara.de\/blog\/wp-json\/wp\/v2\/posts"}],"about":[{"href":"http:\/\/www.kunstgalerie-barbara.de\/blog\/wp-json\/wp\/v2\/types\/post"}],"author":[{"embeddable":true,"href":"http:\/\/www.kunstgalerie-barbara.de\/blog\/wp-json\/wp\/v2\/users\/1"}],"replies":[{"embeddable":true,"href":"http:\/\/www.kunstgalerie-barbara.de\/blog\/wp-json\/wp\/v2\/comments?post=20630"}],"version-history":[{"count":2,"href":"http:\/\/www.kunstgalerie-barbara.de\/blog\/wp-json\/wp\/v2\/posts\/20630\/revisions"}],"predecessor-version":[{"id":20633,"href":"http:\/\/www.kunstgalerie-barbara.de\/blog\/wp-json\/wp\/v2\/posts\/20630\/revisions\/20633"}],"wp:featuredmedia":[{"embeddable":true,"href":"http:\/\/www.kunstgalerie-barbara.de\/blog\/wp-json\/wp\/v2\/media\/20632"}],"wp:attachment":[{"href":"http:\/\/www.kunstgalerie-barbara.de\/blog\/wp-json\/wp\/v2\/media?parent=20630"}],"wp:term":[{"taxonomy":"category","embeddable":true,"href":"http:\/\/www.kunstgalerie-barbara.de\/blog\/wp-json\/wp\/v2\/categories?post=20630"},{"taxonomy":"post_tag","embeddable":true,"href":"http:\/\/www.kunstgalerie-barbara.de\/blog\/wp-json\/wp\/v2\/tags?post=20630"}],"curies":[{"name":"wp","href":"https:\/\/api.w.org\/{rel}","templated":true}]}}