{"id":20814,"date":"2019-05-25T06:38:31","date_gmt":"2019-05-25T04:38:31","guid":{"rendered":"http:\/\/www.kunstgalerie-barbara.de\/blog\/?p=20814"},"modified":"2019-05-25T06:43:51","modified_gmt":"2019-05-25T04:43:51","slug":"unsere-waelder-muessen-nicht-mit-insektiziden-behandelt-werden-karate-forst-fluessig-ist-ein-insektizid-mit-fettloeslichen-wirkstoffen-d-h-diese-reichern-sich-in-der-nahrungskette-an-und-landen-fr","status":"publish","type":"post","link":"http:\/\/www.kunstgalerie-barbara.de\/blog\/2019\/05\/unsere-waelder-muessen-nicht-mit-insektiziden-behandelt-werden-karate-forst-fluessig-ist-ein-insektizid-mit-fettloeslichen-wirkstoffen-d-h-diese-reichern-sich-in-der-nahrungskette-an-und-landen-fr\/","title":{"rendered":"Unsere W\u00e4lder d\u00fcrfen nicht mit Insektiziden behandelt werden.\u201eKarate Forst fl\u00fcssig\u201c ist ein Insektizid mit fettl\u00f6slichen Wirkstoffen, d.h. diese reichern sich in der Nahrungskette an und landen fr\u00fcher oder sp\u00e4ter auch auf unseren Tellern."},"content":{"rendered":"<p><a href=\"http:\/\/www.kunstgalerie-barbara.de\/blog\/wp-content\/uploads\/2019\/05\/P1730079.jpg\"><img loading=\"lazy\" decoding=\"async\" class=\"aligncenter wp-image-20815\" src=\"http:\/\/www.kunstgalerie-barbara.de\/blog\/wp-content\/uploads\/2019\/05\/P1730079-200x300.jpg\" alt=\"\" width=\"412\" height=\"618\" srcset=\"http:\/\/www.kunstgalerie-barbara.de\/blog\/wp-content\/uploads\/2019\/05\/P1730079-200x300.jpg 200w, http:\/\/www.kunstgalerie-barbara.de\/blog\/wp-content\/uploads\/2019\/05\/P1730079-768x1152.jpg 768w, http:\/\/www.kunstgalerie-barbara.de\/blog\/wp-content\/uploads\/2019\/05\/P1730079-683x1024.jpg 683w\" sizes=\"(max-width: 412px) 100vw, 412px\" \/><\/a>Mit den Insekten werden Waldv\u00f6gel get\u00f6tet, die sich von den Insekten ern\u00e4hren. Auch werden Waldameisen, Spinnen, K\u00e4fer Microorganismen ect. die f\u00fcr die Gesundheit\u00a0 des Waldes wichtig sind eleminiert und zerst\u00f6rt<\/p>\n","protected":false},"excerpt":{"rendered":"<p>Mit den Insekten werden Waldv\u00f6gel get\u00f6tet, die sich von den Insekten ern\u00e4hren. Auch werden Waldameisen, Spinnen, K\u00e4fer Microorganismen ect. die f\u00fcr die Gesundheit\u00a0 des Waldes wichtig sind eleminiert und zerst\u00f6rt<\/p>\n","protected":false},"author":1,"featured_media":0,"comment_status":"open","ping_status":"open","sticky":false,"template":"","format":"standard","meta":{"footnotes":""},"categories":[42,75,67,71,51,64],"tags":[253,87,108,740,738,258,741,90,320,739,640,737],"jetpack_featured_media_url":"","_links":{"self":[{"href":"http:\/\/www.kunstgalerie-barbara.de\/blog\/wp-json\/wp\/v2\/posts\/20814"}],"collection":[{"href":"http:\/\/www.kunstgalerie-barbara.de\/blog\/wp-json\/wp\/v2\/posts"}],"about":[{"href":"http:\/\/www.kunstgalerie-barbara.de\/blog\/wp-json\/wp\/v2\/types\/post"}],"author":[{"embeddable":true,"href":"http:\/\/www.kunstgalerie-barbara.de\/blog\/wp-json\/wp\/v2\/users\/1"}],"replies":[{"embeddable":true,"href":"http:\/\/www.kunstgalerie-barbara.de\/blog\/wp-json\/wp\/v2\/comments?post=20814"}],"version-history":[{"count":3,"href":"http:\/\/www.kunstgalerie-barbara.de\/blog\/wp-json\/wp\/v2\/posts\/20814\/revisions"}],"predecessor-version":[{"id":20818,"href":"http:\/\/www.kunstgalerie-barbara.de\/blog\/wp-json\/wp\/v2\/posts\/20814\/revisions\/20818"}],"wp:attachment":[{"href":"http:\/\/www.kunstgalerie-barbara.de\/blog\/wp-json\/wp\/v2\/media?parent=20814"}],"wp:term":[{"taxonomy":"category","embeddable":true,"href":"http:\/\/www.kunstgalerie-barbara.de\/blog\/wp-json\/wp\/v2\/categories?post=20814"},{"taxonomy":"post_tag","embeddable":true,"href":"http:\/\/www.kunstgalerie-barbara.de\/blog\/wp-json\/wp\/v2\/tags?post=20814"}],"curies":[{"name":"wp","href":"https:\/\/api.w.org\/{rel}","templated":true}]}}