{"id":20835,"date":"2019-05-31T07:48:21","date_gmt":"2019-05-31T05:48:21","guid":{"rendered":"http:\/\/www.kunstgalerie-barbara.de\/blog\/?p=20835"},"modified":"2019-05-31T07:48:21","modified_gmt":"2019-05-31T05:48:21","slug":"flurbereinigung-und-zu-grosse-felder-ohne-feldrandbewuchs-schaden-der-diversitaet-von-pflanzen-insekten-und-groesseren-wild-tieren","status":"publish","type":"post","link":"http:\/\/www.kunstgalerie-barbara.de\/blog\/2019\/05\/flurbereinigung-und-zu-grosse-felder-ohne-feldrandbewuchs-schaden-der-diversitaet-von-pflanzen-insekten-und-groesseren-wild-tieren\/","title":{"rendered":"Flurbereinigung und zu gro\u00dfe Felder ohne Feldrandbewuchs schaden der Diversit\u00e4t von Pflanzen, Insekten und gr\u00f6\u00dferen Wild-Tieren&#8230;."},"content":{"rendered":"<p><a href=\"http:\/\/www.kunstgalerie-barbara.de\/blog\/wp-content\/uploads\/2019\/05\/61159525_897257293961113_7034432230642417664_n.jpg\"><img loading=\"lazy\" decoding=\"async\" class=\"aligncenter  wp-image-20836\" src=\"http:\/\/www.kunstgalerie-barbara.de\/blog\/wp-content\/uploads\/2019\/05\/61159525_897257293961113_7034432230642417664_n-215x300.jpg\" alt=\"\" width=\"433\" height=\"604\" srcset=\"http:\/\/www.kunstgalerie-barbara.de\/blog\/wp-content\/uploads\/2019\/05\/61159525_897257293961113_7034432230642417664_n-215x300.jpg 215w, http:\/\/www.kunstgalerie-barbara.de\/blog\/wp-content\/uploads\/2019\/05\/61159525_897257293961113_7034432230642417664_n.jpg 644w\" sizes=\"(max-width: 433px) 100vw, 433px\" \/><\/a><\/p>\n","protected":false},"excerpt":{"rendered":"","protected":false},"author":1,"featured_media":0,"comment_status":"open","ping_status":"open","sticky":false,"template":"","format":"standard","meta":{"footnotes":""},"categories":[69,71,51,64],"tags":[253,123,108,427,258,426,135,98,100],"jetpack_featured_media_url":"","_links":{"self":[{"href":"http:\/\/www.kunstgalerie-barbara.de\/blog\/wp-json\/wp\/v2\/posts\/20835"}],"collection":[{"href":"http:\/\/www.kunstgalerie-barbara.de\/blog\/wp-json\/wp\/v2\/posts"}],"about":[{"href":"http:\/\/www.kunstgalerie-barbara.de\/blog\/wp-json\/wp\/v2\/types\/post"}],"author":[{"embeddable":true,"href":"http:\/\/www.kunstgalerie-barbara.de\/blog\/wp-json\/wp\/v2\/users\/1"}],"replies":[{"embeddable":true,"href":"http:\/\/www.kunstgalerie-barbara.de\/blog\/wp-json\/wp\/v2\/comments?post=20835"}],"version-history":[{"count":1,"href":"http:\/\/www.kunstgalerie-barbara.de\/blog\/wp-json\/wp\/v2\/posts\/20835\/revisions"}],"predecessor-version":[{"id":20837,"href":"http:\/\/www.kunstgalerie-barbara.de\/blog\/wp-json\/wp\/v2\/posts\/20835\/revisions\/20837"}],"wp:attachment":[{"href":"http:\/\/www.kunstgalerie-barbara.de\/blog\/wp-json\/wp\/v2\/media?parent=20835"}],"wp:term":[{"taxonomy":"category","embeddable":true,"href":"http:\/\/www.kunstgalerie-barbara.de\/blog\/wp-json\/wp\/v2\/categories?post=20835"},{"taxonomy":"post_tag","embeddable":true,"href":"http:\/\/www.kunstgalerie-barbara.de\/blog\/wp-json\/wp\/v2\/tags?post=20835"}],"curies":[{"name":"wp","href":"https:\/\/api.w.org\/{rel}","templated":true}]}}