{"id":20935,"date":"2024-11-22T05:58:07","date_gmt":"2024-11-22T03:58:07","guid":{"rendered":"http:\/\/www.kunstgalerie-barbara.de\/blog\/?p=20935"},"modified":"2024-11-22T16:13:24","modified_gmt":"2024-11-22T14:13:24","slug":"wozu-brauchen-menschen-sechzig-neue-kleidungsstuecke-jaehrlich-was-tun-sie-mit-dem-kleidungsschrott-denn-muell-ist-es-schon-bei-der-herstellung-er-wird-fabriziert-um-weggeworfen-zu-werden-wie-perv","status":"publish","type":"post","link":"http:\/\/www.kunstgalerie-barbara.de\/blog\/2024\/11\/wozu-brauchen-menschen-sechzig-neue-kleidungsstuecke-jaehrlich-was-tun-sie-mit-dem-kleidungsschrott-denn-muell-ist-es-schon-bei-der-herstellung-er-wird-fabriziert-um-weggeworfen-zu-werden-wie-perv\/","title":{"rendered":"Wozu brauchen Menschen zig neue Kleidungsst\u00fccke j\u00e4hrlich. Was tun sie mit dem Kleidungsschrott, denn M\u00fcll ist es schon bei der Herstellung? Er wird fabriziert um weggeworfen zu werden. Wie pervers ist das denn! Wie pervers kann eine Gesellschaft, k\u00f6nnen Menschen noch werden? Sich dann allen ernstes \u00fcber Klimawandel und Umweltverschmutzung und Mikroplastik aufregen, es w\u00e4re zum Lachen, wenns nicht zu ernst w\u00e4re."},"content":{"rendered":"","protected":false},"excerpt":{"rendered":"","protected":false},"author":1,"featured_media":0,"comment_status":"open","ping_status":"open","sticky":false,"template":"","format":"standard","meta":{"footnotes":""},"categories":[3,42,40,51,64],"tags":[861,858,862,857,864,866,123,108,865,507,133,859,860,863],"jetpack_featured_media_url":"","_links":{"self":[{"href":"http:\/\/www.kunstgalerie-barbara.de\/blog\/wp-json\/wp\/v2\/posts\/20935"}],"collection":[{"href":"http:\/\/www.kunstgalerie-barbara.de\/blog\/wp-json\/wp\/v2\/posts"}],"about":[{"href":"http:\/\/www.kunstgalerie-barbara.de\/blog\/wp-json\/wp\/v2\/types\/post"}],"author":[{"embeddable":true,"href":"http:\/\/www.kunstgalerie-barbara.de\/blog\/wp-json\/wp\/v2\/users\/1"}],"replies":[{"embeddable":true,"href":"http:\/\/www.kunstgalerie-barbara.de\/blog\/wp-json\/wp\/v2\/comments?post=20935"}],"version-history":[{"count":5,"href":"http:\/\/www.kunstgalerie-barbara.de\/blog\/wp-json\/wp\/v2\/posts\/20935\/revisions"}],"predecessor-version":[{"id":24022,"href":"http:\/\/www.kunstgalerie-barbara.de\/blog\/wp-json\/wp\/v2\/posts\/20935\/revisions\/24022"}],"wp:attachment":[{"href":"http:\/\/www.kunstgalerie-barbara.de\/blog\/wp-json\/wp\/v2\/media?parent=20935"}],"wp:term":[{"taxonomy":"category","embeddable":true,"href":"http:\/\/www.kunstgalerie-barbara.de\/blog\/wp-json\/wp\/v2\/categories?post=20935"},{"taxonomy":"post_tag","embeddable":true,"href":"http:\/\/www.kunstgalerie-barbara.de\/blog\/wp-json\/wp\/v2\/tags?post=20935"}],"curies":[{"name":"wp","href":"https:\/\/api.w.org\/{rel}","templated":true}]}}