{"id":21041,"date":"2019-11-05T06:36:10","date_gmt":"2019-11-05T04:36:10","guid":{"rendered":"http:\/\/www.kunstgalerie-barbara.de\/blog\/?p=21041"},"modified":"2019-11-05T07:08:44","modified_gmt":"2019-11-05T05:08:44","slug":"es-ist-ganz-einfach-ohne-grossen-aufwand-lebensraeume-und-jagdreviere-fuer-igel-kaefer-spinnen-kroeten-singvoegel-und-spitzmaeuse-in-unseren-gaerten-zu-schaffen","status":"publish","type":"post","link":"http:\/\/www.kunstgalerie-barbara.de\/blog\/2019\/11\/es-ist-ganz-einfach-ohne-grossen-aufwand-lebensraeume-und-jagdreviere-fuer-igel-kaefer-spinnen-kroeten-singvoegel-und-spitzmaeuse-in-unseren-gaerten-zu-schaffen\/","title":{"rendered":"Es ist ganz einfach mit Totholz ohne gro\u00dfen Aufwand Lebensr\u00e4ume und Jagdreviere f\u00fcr Igel, K\u00e4fer, Spinnen, Kr\u00f6ten, Singv\u00f6\u00adgel und Spitzm\u00e4use in unseren G\u00e4rten zu schaffen&#8230;."},"content":{"rendered":"<p><a href=\"http:\/\/www.kunstgalerie-barbara.de\/blog\/wp-content\/uploads\/2019\/11\/Gartenimpressionen.jpg\"><img loading=\"lazy\" decoding=\"async\" class=\"aligncenter wp-image-21042\" src=\"http:\/\/www.kunstgalerie-barbara.de\/blog\/wp-content\/uploads\/2019\/11\/Gartenimpressionen-300x200.jpg\" alt=\"\" width=\"453\" height=\"302\" srcset=\"http:\/\/www.kunstgalerie-barbara.de\/blog\/wp-content\/uploads\/2019\/11\/Gartenimpressionen-300x200.jpg 300w, http:\/\/www.kunstgalerie-barbara.de\/blog\/wp-content\/uploads\/2019\/11\/Gartenimpressionen-768x512.jpg 768w, http:\/\/www.kunstgalerie-barbara.de\/blog\/wp-content\/uploads\/2019\/11\/Gartenimpressionen-1024x683.jpg 1024w\" sizes=\"(max-width: 453px) 100vw, 453px\" \/><\/a><\/p>\n","protected":false},"excerpt":{"rendered":"","protected":false},"author":1,"featured_media":0,"comment_status":"open","ping_status":"open","sticky":false,"template":"","format":"standard","meta":{"footnotes":""},"categories":[66,73,26,79,67,71,51,64],"tags":[87,277,296,827,388,115,703,99,738,429,308,238,303,320,921,920,919],"jetpack_featured_media_url":"","_links":{"self":[{"href":"http:\/\/www.kunstgalerie-barbara.de\/blog\/wp-json\/wp\/v2\/posts\/21041"}],"collection":[{"href":"http:\/\/www.kunstgalerie-barbara.de\/blog\/wp-json\/wp\/v2\/posts"}],"about":[{"href":"http:\/\/www.kunstgalerie-barbara.de\/blog\/wp-json\/wp\/v2\/types\/post"}],"author":[{"embeddable":true,"href":"http:\/\/www.kunstgalerie-barbara.de\/blog\/wp-json\/wp\/v2\/users\/1"}],"replies":[{"embeddable":true,"href":"http:\/\/www.kunstgalerie-barbara.de\/blog\/wp-json\/wp\/v2\/comments?post=21041"}],"version-history":[{"count":3,"href":"http:\/\/www.kunstgalerie-barbara.de\/blog\/wp-json\/wp\/v2\/posts\/21041\/revisions"}],"predecessor-version":[{"id":21045,"href":"http:\/\/www.kunstgalerie-barbara.de\/blog\/wp-json\/wp\/v2\/posts\/21041\/revisions\/21045"}],"wp:attachment":[{"href":"http:\/\/www.kunstgalerie-barbara.de\/blog\/wp-json\/wp\/v2\/media?parent=21041"}],"wp:term":[{"taxonomy":"category","embeddable":true,"href":"http:\/\/www.kunstgalerie-barbara.de\/blog\/wp-json\/wp\/v2\/categories?post=21041"},{"taxonomy":"post_tag","embeddable":true,"href":"http:\/\/www.kunstgalerie-barbara.de\/blog\/wp-json\/wp\/v2\/tags?post=21041"}],"curies":[{"name":"wp","href":"https:\/\/api.w.org\/{rel}","templated":true}]}}