{"id":21068,"date":"2019-11-21T12:23:38","date_gmt":"2019-11-21T10:23:38","guid":{"rendered":"http:\/\/www.kunstgalerie-barbara.de\/blog\/?p=21068"},"modified":"2019-11-24T13:23:21","modified_gmt":"2019-11-24T11:23:21","slug":"jede-private-bank-auch-die-ezb-schoepft-geld-sprich-sie-vermehren-geld-virtuell-durch-buchungen-es-wird-nicht-gedruckt-diese-geldvermehrung-nuetzt-in-keinster-weise-dem-kleinen-mann-auf-der-strasse","status":"publish","type":"post","link":"http:\/\/www.kunstgalerie-barbara.de\/blog\/2019\/11\/jede-private-bank-auch-die-ezb-schoepft-geld-sprich-sie-vermehren-geld-virtuell-durch-buchungen-es-wird-nicht-gedruckt-diese-geldvermehrung-nuetzt-in-keinster-weise-dem-kleinen-mann-auf-der-strasse\/","title":{"rendered":"Jede private Bank auch die EZB sch\u00f6pft Geld, sprich sie vermehren Geld virtuell durch Buchungen, es wird nicht gedruckt. Diese Geldvermehrung n\u00fctzt in keinster Weise dem kleinen Mann auf der Strasse, Geldsch\u00f6pfung wird nur bei profitablen Gesch\u00e4ften, Krediten in Gang gesetzt&#8230;."},"content":{"rendered":"<div><\/div>\n<p>&nbsp;<\/p>\n","protected":false},"excerpt":{"rendered":"<p>&nbsp;<\/p>\n","protected":false},"author":1,"featured_media":0,"comment_status":"open","ping_status":"open","sticky":false,"template":"","format":"standard","meta":{"footnotes":""},"categories":[3,42,40,51],"tags":[938,939,937,934,944,935,942,936,943,941,940],"jetpack_featured_media_url":"","_links":{"self":[{"href":"http:\/\/www.kunstgalerie-barbara.de\/blog\/wp-json\/wp\/v2\/posts\/21068"}],"collection":[{"href":"http:\/\/www.kunstgalerie-barbara.de\/blog\/wp-json\/wp\/v2\/posts"}],"about":[{"href":"http:\/\/www.kunstgalerie-barbara.de\/blog\/wp-json\/wp\/v2\/types\/post"}],"author":[{"embeddable":true,"href":"http:\/\/www.kunstgalerie-barbara.de\/blog\/wp-json\/wp\/v2\/users\/1"}],"replies":[{"embeddable":true,"href":"http:\/\/www.kunstgalerie-barbara.de\/blog\/wp-json\/wp\/v2\/comments?post=21068"}],"version-history":[{"count":2,"href":"http:\/\/www.kunstgalerie-barbara.de\/blog\/wp-json\/wp\/v2\/posts\/21068\/revisions"}],"predecessor-version":[{"id":21070,"href":"http:\/\/www.kunstgalerie-barbara.de\/blog\/wp-json\/wp\/v2\/posts\/21068\/revisions\/21070"}],"wp:attachment":[{"href":"http:\/\/www.kunstgalerie-barbara.de\/blog\/wp-json\/wp\/v2\/media?parent=21068"}],"wp:term":[{"taxonomy":"category","embeddable":true,"href":"http:\/\/www.kunstgalerie-barbara.de\/blog\/wp-json\/wp\/v2\/categories?post=21068"},{"taxonomy":"post_tag","embeddable":true,"href":"http:\/\/www.kunstgalerie-barbara.de\/blog\/wp-json\/wp\/v2\/tags?post=21068"}],"curies":[{"name":"wp","href":"https:\/\/api.w.org\/{rel}","templated":true}]}}