{"id":2110,"date":"2009-06-14T12:02:09","date_gmt":"2009-06-14T11:02:09","guid":{"rendered":"http:\/\/www.kunstgalerie-barbara.de\/blog\/?p=2110"},"modified":"2010-06-05T12:56:01","modified_gmt":"2010-06-05T11:56:01","slug":"die-unter-maennlichen-jugendlichen-immer-staerker-grassierenden-alkoholexzesse","status":"publish","type":"post","link":"http:\/\/www.kunstgalerie-barbara.de\/blog\/2009\/06\/die-unter-maennlichen-jugendlichen-immer-staerker-grassierenden-alkoholexzesse\/","title":{"rendered":"Die unter Jugendlichen immer st\u00e4rker grassierenden Alkoholexzesse&#8230;"},"content":{"rendered":"<p>\u00e2\u20ac\u00a6wirken auf mich wie ein Aufschrei der Orientierungslosen nach einem Halt, eben nach Orientierung. Dieser Schrei ist ein Schrei nach klarer Ansage, die in unserer Gesellschaft leider gar nicht oder nur halbherzig stattfindet. Es funktioniert, wie wir sehen k\u00c3\u00b6nnen, leider \u00c3\u00bcberhaupt nicht, Jugendliche ausprobieren zu lassen, wie weit sie gehen k\u00c3\u00b6nnen, denn nicht jeder hat eine nat\u00c3\u00bcrliche Bremse in sich und stoppt rechtzeitig. Trauriges  Fazit sind dann die vielen Ausprobierenden, die sinnlos besoffen in den Ambulanzen landen.<!--more--><br \/>\nWoher sollen unsere Kinder wissen, wie weit sie zu gehen haben, wenn wir es ihnen nicht sagen und vor allem nicht vorleben? Es reicht auch nicht,\u00c2\u00a0 Wasser zu predigen, wenn Papa oder Mama  selbst in Punkto Alkoholkosum nicht das rechte Ma\u00c3\u0178 finden k\u00c3\u00b6nnen. Da muss in unserer Gesellschaft schon mehr passieren, in der es auch unter so genannten Erwachsenen \u00c3\u00bcblich ist, mal eben ein Bierchen oder auch mehr zu trinken, um den inneren Schweinehund zu bet\u00c3\u00a4uben und um in Gesellschaft sch\u00c3\u00b6n locker und aufger\u00c3\u00a4umt zu sein, obwohl einem gar nicht danach zu Mute ist.<br \/>\nEs w\u00c3\u00a4re\u00c2\u00a0 besser, sich in dem Fall zu fragen, ob die Hemmschwelle, die man mitunter hat, nicht ganz nat\u00c3\u00bcrlich ist, statt sie mit aller Gewalt mit Hilfe von Alkohol nieder zu boxen.<br \/>\nWenn es unter Erwachsenen  also mehr als cool ist, Alkohol als Mittel zu ben\u00c3\u00bctzen, um mit dem harten Alltag klar zu kommen und einen \u00c3\u00bcber den Durst zu trinken, warum um alles in der Welt  wird es dann bei unseren Kindern verurteilt?<br \/>\nIm \u00c3\u0153brigen tragen\u00c2\u00a0\u00c2\u00a0 selbstverst\u00c3\u00a4ndlich\u00c2\u00a0 wir Erwachsene die Hauptverantwortung f\u00c3\u00bcr diese Saufexzesse, Erwachsene die Jugendlichen Alkohol welcher Art\u00c2\u00a0 verkaufen statt es ihnen zu verweigern, was durchaus m\u00c3\u00b6glich w\u00c3\u00a4re.<\/p>\n","protected":false},"excerpt":{"rendered":"<p>\u00e2\u20ac\u00a6wirken auf mich wie ein Aufschrei der Orientierungslosen nach einem Halt, eben nach Orientierung. Dieser Schrei ist ein Schrei nach klarer Ansage, die in unserer Gesellschaft leider gar nicht oder nur halbherzig stattfindet. Es funktioniert, wie wir sehen k\u00c3\u00b6nnen, leider \u00c3\u00bcberhaupt nicht, Jugendliche ausprobieren zu lassen, wie weit sie gehen k\u00c3\u00b6nnen, denn nicht jeder hat eine nat\u00c3\u00bcrliche Bremse in sich und stoppt rechtzeitig. Trauriges Fazit sind dann die vielen Ausprobierenden, die sinnlos besoffen in den Ambulanzen landen.<\/p>\n","protected":false},"author":1,"featured_media":0,"comment_status":"open","ping_status":"open","sticky":false,"template":"","format":"standard","meta":{"footnotes":""},"categories":[40],"tags":[],"jetpack_featured_media_url":"","_links":{"self":[{"href":"http:\/\/www.kunstgalerie-barbara.de\/blog\/wp-json\/wp\/v2\/posts\/2110"}],"collection":[{"href":"http:\/\/www.kunstgalerie-barbara.de\/blog\/wp-json\/wp\/v2\/posts"}],"about":[{"href":"http:\/\/www.kunstgalerie-barbara.de\/blog\/wp-json\/wp\/v2\/types\/post"}],"author":[{"embeddable":true,"href":"http:\/\/www.kunstgalerie-barbara.de\/blog\/wp-json\/wp\/v2\/users\/1"}],"replies":[{"embeddable":true,"href":"http:\/\/www.kunstgalerie-barbara.de\/blog\/wp-json\/wp\/v2\/comments?post=2110"}],"version-history":[{"count":1,"href":"http:\/\/www.kunstgalerie-barbara.de\/blog\/wp-json\/wp\/v2\/posts\/2110\/revisions"}],"predecessor-version":[{"id":4559,"href":"http:\/\/www.kunstgalerie-barbara.de\/blog\/wp-json\/wp\/v2\/posts\/2110\/revisions\/4559"}],"wp:attachment":[{"href":"http:\/\/www.kunstgalerie-barbara.de\/blog\/wp-json\/wp\/v2\/media?parent=2110"}],"wp:term":[{"taxonomy":"category","embeddable":true,"href":"http:\/\/www.kunstgalerie-barbara.de\/blog\/wp-json\/wp\/v2\/categories?post=2110"},{"taxonomy":"post_tag","embeddable":true,"href":"http:\/\/www.kunstgalerie-barbara.de\/blog\/wp-json\/wp\/v2\/tags?post=2110"}],"curies":[{"name":"wp","href":"https:\/\/api.w.org\/{rel}","templated":true}]}}