{"id":2151,"date":"2009-06-20T06:03:01","date_gmt":"2009-06-20T05:03:01","guid":{"rendered":"http:\/\/www.kunstgalerie-barbara.de\/blog\/?p=2151"},"modified":"2010-02-18T15:26:11","modified_gmt":"2010-02-18T14:26:11","slug":"strassenfeste","status":"publish","type":"post","link":"http:\/\/www.kunstgalerie-barbara.de\/blog\/2009\/06\/strassenfeste\/","title":{"rendered":"Stra\u00dfenfeste&#8230;"},"content":{"rendered":"<p>\u00e2\u20ac\u00a6an denen Nachbarn nur dann teilnehmen k\u00c3\u00b6nnen, wenn ihre Hemmschwelle mit Hilfe von wahren Str\u00c3\u00b6men Weins oder Biers unter ein akzeptables Ma\u00c3\u0178 sinkt, habe ich schon des \u00c3\u2013fteren erlebt. Die Frage ist nur welchen Wert solche Zusammenk\u00c3\u00bcnfte haben, wenn sie unter meines Erachtens falschen Voraussetzungen stattfinden? Menschen k\u00c3\u00b6nnen sich anscheinend nur dann  wirklich aufs Fell sehen, wenn ihr Alkoholpegel ein gewisses Ma\u00c3\u0178 \u00c3\u00bcberstiegen hat.  Das sollte zu denken geben!<\/p>\n","protected":false},"excerpt":{"rendered":"<p>\u00e2\u20ac\u00a6an denen Nachbarn nur dann teilnehmen k\u00c3\u00b6nnen, wenn ihre Hemmschwelle mit Hilfe von wahren Str\u00c3\u00b6men Weins oder Biers unter ein akzeptables Ma\u00c3\u0178 sinkt, habe ich schon des \u00c3\u2013fteren erlebt. Die Frage ist nur welchen Wert solche Zusammenk\u00c3\u00bcnfte haben, wenn sie unter meines Erachtens falschen Voraussetzungen stattfinden? Menschen k\u00c3\u00b6nnen sich anscheinend nur dann wirklich aufs Fell sehen, wenn ihr Alkoholpegel ein gewisses Ma\u00c3\u0178 \u00c3\u00bcberstiegen hat. Das sollte zu denken geben!<\/p>\n","protected":false},"author":1,"featured_media":0,"comment_status":"open","ping_status":"open","sticky":false,"template":"","format":"standard","meta":{"footnotes":""},"categories":[19],"tags":[],"jetpack_featured_media_url":"","_links":{"self":[{"href":"http:\/\/www.kunstgalerie-barbara.de\/blog\/wp-json\/wp\/v2\/posts\/2151"}],"collection":[{"href":"http:\/\/www.kunstgalerie-barbara.de\/blog\/wp-json\/wp\/v2\/posts"}],"about":[{"href":"http:\/\/www.kunstgalerie-barbara.de\/blog\/wp-json\/wp\/v2\/types\/post"}],"author":[{"embeddable":true,"href":"http:\/\/www.kunstgalerie-barbara.de\/blog\/wp-json\/wp\/v2\/users\/1"}],"replies":[{"embeddable":true,"href":"http:\/\/www.kunstgalerie-barbara.de\/blog\/wp-json\/wp\/v2\/comments?post=2151"}],"version-history":[{"count":1,"href":"http:\/\/www.kunstgalerie-barbara.de\/blog\/wp-json\/wp\/v2\/posts\/2151\/revisions"}],"predecessor-version":[{"id":3699,"href":"http:\/\/www.kunstgalerie-barbara.de\/blog\/wp-json\/wp\/v2\/posts\/2151\/revisions\/3699"}],"wp:attachment":[{"href":"http:\/\/www.kunstgalerie-barbara.de\/blog\/wp-json\/wp\/v2\/media?parent=2151"}],"wp:term":[{"taxonomy":"category","embeddable":true,"href":"http:\/\/www.kunstgalerie-barbara.de\/blog\/wp-json\/wp\/v2\/categories?post=2151"},{"taxonomy":"post_tag","embeddable":true,"href":"http:\/\/www.kunstgalerie-barbara.de\/blog\/wp-json\/wp\/v2\/tags?post=2151"}],"curies":[{"name":"wp","href":"https:\/\/api.w.org\/{rel}","templated":true}]}}