{"id":2162,"date":"2009-06-22T09:41:18","date_gmt":"2009-06-22T07:41:18","guid":{"rendered":"http:\/\/www.kunstgalerie-barbara.de\/blog\/?p=2162"},"modified":"2009-06-26T08:28:02","modified_gmt":"2009-06-26T06:28:02","slug":"unverhofft-kommt-oft","status":"publish","type":"post","link":"http:\/\/www.kunstgalerie-barbara.de\/blog\/2009\/06\/unverhofft-kommt-oft\/","title":{"rendered":"Unverhofft&#8230;"},"content":{"rendered":"<p style=\"text-align: center;\"><img loading=\"lazy\" decoding=\"async\" class=\"aligncenter size-full wp-image-2161\" title=\"p1010075\" src=\"http:\/\/www.kunstgalerie-barbara.de\/blog\/wp-content\/uploads\/2009\/06\/p1010075.jpg\" alt=\"p1010075\" width=\"272\" height=\"363\" \/><\/p>\n<p style=\"text-align: center;\">\n<p style=\"text-align: left;\">Eigentlich wollten wir\u00c2\u00a0 nur Rosen kaufen in unserer G\u00c3\u00a4rnerei zwischen Bremen und Rotenburg, doch dann kam alles ganz anders. Wir hatten gerade geparkt und wollten uns auf der Austellungsfl\u00c3\u00a4che umsehen, als der Besitzer besagter G\u00c3\u00a4rntnerei neben uns aus seinem gelben Jeep stieg, auf die Kamera, die meine Tochter in der Hand hielt, deutete und uns kurz angebunden fragte, ob die Kamera gut sei, was sie so leisten k\u00c3\u00b6nne.<!--more-->Ich vermutete, er wolle sich selbst eine Solche anschaffen und antworte: Ja, sie sei gut. Ob wir damit Zoomen k\u00c3\u00b6nnten? Ja, auch das! Die Unterhaltung war eine etwas Seltsame, aber dies waren wir gew\u00c3\u00b6hnt, bei diesem\u00c2\u00a0 knurrigen, schnurrigen Typ. Das Gespr\u00c3\u00a4ch sollte eine noch seltsamere Wendung nehmen,\u00c2\u00a0 denn jetzt r\u00c3\u00bcckte unser G\u00c3\u00a4rtner endlich mit dem raus, was er wirklich wollte. Wenn wir mit dem Ding tats\u00c3\u00a4chlich gute Aufnahmen machten, so k\u00c3\u00b6nnten wir, wenn wir wollten, die Rosenb\u00c3\u00bcsche hinter seinem Haus fotografieren und <img loading=\"lazy\" decoding=\"async\" class=\"alignleft size-full wp-image-2169\" title=\"p1010031\" src=\"http:\/\/www.kunstgalerie-barbara.de\/blog\/wp-content\/uploads\/2009\/06\/p1010031.jpg\" alt=\"p1010031\" width=\"211\" height=\"282\" \/>sp\u00c3\u00a4ter die Aufnahmen auf den Computer seiner Tochter \u00c3\u00bcberspielen.\u00c2\u00a0 Die Rosen hinter seinem Haus seien nicht so mickrig, wie die hier vorne auf der Ausstellungsfl\u00c3\u00a4che. Er deutete\u00c2\u00a0 mit gro\u00c3\u0178er Geste auf seine Verkaufsware. Wir sollten kurz warten, er w\u00c3\u00bcrde uns abholen. Es dauerte tats\u00c3\u00a4chlich nicht besonders lange und er kam mit seinem offenen Elektrojeep und holte uns ab, um uns auf verschlungenen Wegen, vorbei an Gew\u00c3\u00a4chsh\u00c3\u00a4usern, unter niedrigen B\u00c3\u00a4umen und tiefh\u00c3\u00a4ngenen \u00c3\u201esten, zum Ufer eines kleinen Sees zu fahren. Er deutete auf die riesigen Rosenb\u00c3\u00bcsche, die rings um den See standen, sagte kurz und trocken, das seinen sie, die er meinte und wir k\u00c3\u00b6nnten jetzt loslegen, sprachs und verschwand mit seinem Jeep wieder in der Richtung aus der wir gekommen waren.<br \/>\nDa standen wir nun inmitten einer\u00c2\u00a0 perfekt angelegten Parklandschaft, die wir nie und nimmer hinter dieser ziemlich urigen, etwas klapprigen G\u00c3\u00a4rtnerei vermutet h\u00c3\u00a4tten. Es war ein Idyll aus uralten Rosenb\u00c3\u00bcschen, dornr<img loading=\"lazy\" decoding=\"async\" class=\"size-full wp-image-2167 alignright\" title=\"p1010038\" src=\"http:\/\/www.kunstgalerie-barbara.de\/blog\/wp-content\/uploads\/2009\/06\/p1010038.jpg\" alt=\"p1010038\" width=\"246\" height=\"197\" \/>\u00c3\u00b6schen\u00c3\u00a4hnlich \u00c3\u00bcberwachsenen Parkb\u00c3\u00a4nken, hier und da wie zuf\u00c3\u00a4llig angeordneten Gartenst\u00c3\u00bchlen\u00c2\u00a0 zwischen alten B\u00c3\u00a4umen, die auf hier Verweilende zu warten schienen und nicht zuletzt der romantisch mit Seerosen bewachsene See. Wir fotografierten, was das Zeug hielt, denn Motive gab es wirklich genug.<br \/>\nPl\u00c3\u00b6tzlich stand unser G\u00c3\u00a4rtner wie aus dem Boden gewachsen wieder neben uns. Er wollte nur wissen, ob wir klar k\u00c3\u00a4men. Es fiel uns angesichts dieser unerwarteten Sch\u00c3\u00b6nheit wirlich nicht schwer, in Begeisterung auszubrechen.\u00c2\u00a0 Die \u00c3\u0153berraschung, die er uns bereitet hatte, h\u00c3\u00a4tte perfekter nicht sein k\u00c3\u00b6nnen und unsere urspr\u00c3\u00bcngliche Absicht, eigentlich hier Rosen kaufen zu wollen, war l\u00c3\u00a4ngst hinf\u00c3\u00a4llig geworden.<\/p>\n","protected":false},"excerpt":{"rendered":"<p>Eigentlich wollten wir\u00c2\u00a0 nur Rosen kaufen in unserer G\u00c3\u00a4rnerei zwischen Bremen und Rotenburg, doch dann kam alles ganz anders. Wir hatten gerade geparkt und wollten uns auf der Austellungsfl\u00c3\u00a4che umsehen, als der Besitzer besagter G\u00c3\u00a4rntnerei neben uns aus seinem gelben Jeep stieg, auf die Kamera, die meine Tochter in der Hand hielt, deutete und uns kurz angebunden fragte, ob die Kamera gut sei, was sie so leisten k\u00c3\u00b6nne.<\/p>\n","protected":false},"author":1,"featured_media":0,"comment_status":"open","ping_status":"open","sticky":false,"template":"","format":"standard","meta":{"footnotes":""},"categories":[19],"tags":[],"jetpack_featured_media_url":"","_links":{"self":[{"href":"http:\/\/www.kunstgalerie-barbara.de\/blog\/wp-json\/wp\/v2\/posts\/2162"}],"collection":[{"href":"http:\/\/www.kunstgalerie-barbara.de\/blog\/wp-json\/wp\/v2\/posts"}],"about":[{"href":"http:\/\/www.kunstgalerie-barbara.de\/blog\/wp-json\/wp\/v2\/types\/post"}],"author":[{"embeddable":true,"href":"http:\/\/www.kunstgalerie-barbara.de\/blog\/wp-json\/wp\/v2\/users\/1"}],"replies":[{"embeddable":true,"href":"http:\/\/www.kunstgalerie-barbara.de\/blog\/wp-json\/wp\/v2\/comments?post=2162"}],"version-history":[{"count":1,"href":"http:\/\/www.kunstgalerie-barbara.de\/blog\/wp-json\/wp\/v2\/posts\/2162\/revisions"}],"predecessor-version":[{"id":2188,"href":"http:\/\/www.kunstgalerie-barbara.de\/blog\/wp-json\/wp\/v2\/posts\/2162\/revisions\/2188"}],"wp:attachment":[{"href":"http:\/\/www.kunstgalerie-barbara.de\/blog\/wp-json\/wp\/v2\/media?parent=2162"}],"wp:term":[{"taxonomy":"category","embeddable":true,"href":"http:\/\/www.kunstgalerie-barbara.de\/blog\/wp-json\/wp\/v2\/categories?post=2162"},{"taxonomy":"post_tag","embeddable":true,"href":"http:\/\/www.kunstgalerie-barbara.de\/blog\/wp-json\/wp\/v2\/tags?post=2162"}],"curies":[{"name":"wp","href":"https:\/\/api.w.org\/{rel}","templated":true}]}}