{"id":21948,"date":"2020-10-23T10:40:58","date_gmt":"2020-10-23T08:40:58","guid":{"rendered":"http:\/\/www.kunstgalerie-barbara.de\/blog\/?p=21948"},"modified":"2022-07-17T07:52:03","modified_gmt":"2022-07-17T05:52:03","slug":"meine-tochter-maxi-hat-ne-neue-leidenschaft-sauerteigvollbrot-backen-schmeckt-absolut-super-wie-vom-profi-vor-etwa-fuenfunddreissig-jahren-hab-ich-dies-auch-getan-denn-ich-hatte-damals-den-ergei","status":"publish","type":"post","link":"http:\/\/www.kunstgalerie-barbara.de\/blog\/2020\/10\/meine-tochter-maxi-hat-ne-neue-leidenschaft-sauerteigvollbrot-backen-schmeckt-absolut-super-wie-vom-profi-vor-etwa-fuenfunddreissig-jahren-hab-ich-dies-auch-getan-denn-ich-hatte-damals-den-ergei\/","title":{"rendered":"Meine Tochter Maxi hat ne neue Leidenschaft: Sauerteigvollkornbrot backen! Schmeckt absolut super, wie vom Profi.  Vor etwa f\u00fcnfunddrei\u00dfig Jahren hab ich dies auch getan, denn ich hatte damals den Ergeiz brotm\u00e4\u00dfig Selbstversorger zu sein. Aber da das Sauerteigbrotbacken etwas komplizierter ist, als Hefeteigteigbrotbacken und dar\u00fcber hinaus man mit Kind nicht mehr so viel Zeit hat, ging ich zu Hefe-Weizenvollkornbr\u00f6tchen \u00fcber. Waren auch lecker und unkomplizierter&#8230;."},"content":{"rendered":"<p><img loading=\"lazy\" decoding=\"async\" class=\"i09qtzwb n7fi1qx3 datstx6m pmk7jnqg j9ispegn kr520xx4 k4urcfbm bixrwtb6 aligncenter\" src=\"https:\/\/scontent.fham6-1.fna.fbcdn.net\/v\/t1.0-0\/p526x296\/122483628_3483135925065584_7457443963215230360_o.jpg?_nc_cat=102&amp;ccb=2&amp;_nc_sid=8bfeb9&amp;_nc_ohc=tcUhyVu5XOgAX-8E0IN&amp;_nc_ht=scontent.fham6-1.fna&amp;tp=6&amp;oh=cae1a2390d981be07c7d2f87fe6b0d2d&amp;oe=5FB93AC7\" alt=\"Bild k\u00f6nnte enthalten: Innenbereich, Text \u201eTO THESE 1 TWO OVEN\u201c\" width=\"526\" height=\"1027\" \/><\/p>\n<p style=\"text-align: center;\">Rezept auf englisch auf deutsch sp\u00e4ter<br \/>\n<a href=\"http:\/\/bit.ly\/4-bread-checklists\">http:\/\/bit.ly\/4-bread-checklists<\/a><\/p>\n<p><iframe loading=\"lazy\" title=\"Sauerteig f\u00fcr Anf\u00e4nger - selber machen, ansetzen, f\u00fcttern &amp; ganz einfach haltbar machen\/konservieren\" width=\"960\" height=\"540\" src=\"https:\/\/www.youtube.com\/embed\/SM1zf9co6KA?feature=oembed\" frameborder=\"0\" allow=\"accelerometer; autoplay; clipboard-write; encrypted-media; gyroscope; picture-in-picture\" allowfullscreen><\/iframe><\/p>\n","protected":false},"excerpt":{"rendered":"<p>Rezept auf englisch auf deutsch sp\u00e4ter http:\/\/bit.ly\/4-bread-checklists<\/p>\n","protected":false},"author":1,"featured_media":21955,"comment_status":"open","ping_status":"open","sticky":false,"template":"","format":"standard","meta":{"footnotes":""},"categories":[74,75,65],"tags":[1414,1413,1415,1416,1409,1412,285,1411,1410,1408],"jetpack_featured_media_url":"http:\/\/www.kunstgalerie-barbara.de\/blog\/wp-content\/uploads\/2020\/10\/meine-tochter-maxi-hat-ne-neue-l-1.jpg","_links":{"self":[{"href":"http:\/\/www.kunstgalerie-barbara.de\/blog\/wp-json\/wp\/v2\/posts\/21948"}],"collection":[{"href":"http:\/\/www.kunstgalerie-barbara.de\/blog\/wp-json\/wp\/v2\/posts"}],"about":[{"href":"http:\/\/www.kunstgalerie-barbara.de\/blog\/wp-json\/wp\/v2\/types\/post"}],"author":[{"embeddable":true,"href":"http:\/\/www.kunstgalerie-barbara.de\/blog\/wp-json\/wp\/v2\/users\/1"}],"replies":[{"embeddable":true,"href":"http:\/\/www.kunstgalerie-barbara.de\/blog\/wp-json\/wp\/v2\/comments?post=21948"}],"version-history":[{"count":6,"href":"http:\/\/www.kunstgalerie-barbara.de\/blog\/wp-json\/wp\/v2\/posts\/21948\/revisions"}],"predecessor-version":[{"id":23112,"href":"http:\/\/www.kunstgalerie-barbara.de\/blog\/wp-json\/wp\/v2\/posts\/21948\/revisions\/23112"}],"wp:featuredmedia":[{"embeddable":true,"href":"http:\/\/www.kunstgalerie-barbara.de\/blog\/wp-json\/wp\/v2\/media\/21955"}],"wp:attachment":[{"href":"http:\/\/www.kunstgalerie-barbara.de\/blog\/wp-json\/wp\/v2\/media?parent=21948"}],"wp:term":[{"taxonomy":"category","embeddable":true,"href":"http:\/\/www.kunstgalerie-barbara.de\/blog\/wp-json\/wp\/v2\/categories?post=21948"},{"taxonomy":"post_tag","embeddable":true,"href":"http:\/\/www.kunstgalerie-barbara.de\/blog\/wp-json\/wp\/v2\/tags?post=21948"}],"curies":[{"name":"wp","href":"https:\/\/api.w.org\/{rel}","templated":true}]}}