{"id":2196,"date":"2009-06-28T20:07:19","date_gmt":"2009-06-28T19:07:19","guid":{"rendered":"http:\/\/www.kunstgalerie-barbara.de\/blog\/?p=2196"},"modified":"2010-06-05T12:55:16","modified_gmt":"2010-06-05T11:55:16","slug":"wegwerfgesellschaft","status":"publish","type":"post","link":"http:\/\/www.kunstgalerie-barbara.de\/blog\/2009\/06\/wegwerfgesellschaft\/","title":{"rendered":"Wegwerfgesellschaft&#8230;"},"content":{"rendered":"<p>\u00e2\u20ac\u00a6<\/p>\n<p><img loading=\"lazy\" decoding=\"async\" class=\"alignleft size-full wp-image-2199\" title=\"p1010204\" src=\"http:\/\/www.kunstgalerie-barbara.de\/blog\/wp-content\/uploads\/2009\/06\/p1010204.jpg\" alt=\"p1010204\" width=\"259\" height=\"346\" \/><\/p>\n<p>auf die Spitze getrieben hei\u00c3\u0178t, wenn wir wegen lausiger 2500 \u00e2\u201a\u00ac funktionst\u00c3\u00bcchtige Autos verschrotten, die au\u00c3\u0178erdem  meist noch wesentlich mehr wert sind als dieser Schrottpreis, um uns anschlie\u00c3\u0178end fabrikneue Autos anzuschaffen, die auch nicht wesentlich effizienter in Punkto Umwelt sind, als die Alten.<br \/>\nAb erstem Juli geht diese Idiotie nun in die zweite Runde. Dann n\u00c3\u00a4mlich sollen wir erneut unsere Autos verschrotten, um zwei Jahre lang Kfz-Steuer zu sparen. Wegwerfen hei\u00c3\u0178t die Devise und jedes Mittel scheint den Politikern recht zu sein, eine Automobilindustrie anzukurbeln, die sich bis heute nicht wirklich bem\u00c3\u00bcht hat, preisg\u00c3\u00bcnstige, umweltgerechte und treibstoffsparende Fahrzeuge herzustellen.<\/p>\n<p>Foto: Bremen 2007 by Barbara Wenzel-Winter<\/p>\n","protected":false},"excerpt":{"rendered":"<p>\u00e2\u20ac\u00a6 auf die Spitze getrieben hei\u00c3\u0178t, wenn wir wegen lausiger 2500 \u00e2\u201a\u00ac funktionst\u00c3\u00bcchtige Autos verschrotten, die au\u00c3\u0178erdem meist noch wesentlich mehr wert sind als dieser Schrottpreis, um uns anschlie\u00c3\u0178end fabrikneue Autos anzuschaffen, die auch nicht wesentlich effizienter in Punkto Umwelt sind, als die Alten. Ab erstem Juli geht diese Idiotie nun in die zweite Runde. Dann n\u00c3\u00a4mlich sollen wir erneut unsere Autos verschrotten, um zwei Jahre lang Kfz-Steuer zu sparen. Wegwerfen hei\u00c3\u0178t die Devise und jedes Mittel scheint den Politikern recht zu sein, eine Automobilindustrie anzukurbeln, die sich bis heute nicht wirklich bem\u00c3\u00bcht hat, preisg\u00c3\u00bcnstige, umweltgerechte und treibstoffsparende Fahrzeuge herzustellen. Foto: Bremen 2007 by Barbara Wenzel-Winter<\/p>\n","protected":false},"author":1,"featured_media":0,"comment_status":"open","ping_status":"open","sticky":false,"template":"","format":"standard","meta":{"footnotes":""},"categories":[40],"tags":[],"jetpack_featured_media_url":"","_links":{"self":[{"href":"http:\/\/www.kunstgalerie-barbara.de\/blog\/wp-json\/wp\/v2\/posts\/2196"}],"collection":[{"href":"http:\/\/www.kunstgalerie-barbara.de\/blog\/wp-json\/wp\/v2\/posts"}],"about":[{"href":"http:\/\/www.kunstgalerie-barbara.de\/blog\/wp-json\/wp\/v2\/types\/post"}],"author":[{"embeddable":true,"href":"http:\/\/www.kunstgalerie-barbara.de\/blog\/wp-json\/wp\/v2\/users\/1"}],"replies":[{"embeddable":true,"href":"http:\/\/www.kunstgalerie-barbara.de\/blog\/wp-json\/wp\/v2\/comments?post=2196"}],"version-history":[{"count":1,"href":"http:\/\/www.kunstgalerie-barbara.de\/blog\/wp-json\/wp\/v2\/posts\/2196\/revisions"}],"predecessor-version":[{"id":4558,"href":"http:\/\/www.kunstgalerie-barbara.de\/blog\/wp-json\/wp\/v2\/posts\/2196\/revisions\/4558"}],"wp:attachment":[{"href":"http:\/\/www.kunstgalerie-barbara.de\/blog\/wp-json\/wp\/v2\/media?parent=2196"}],"wp:term":[{"taxonomy":"category","embeddable":true,"href":"http:\/\/www.kunstgalerie-barbara.de\/blog\/wp-json\/wp\/v2\/categories?post=2196"},{"taxonomy":"post_tag","embeddable":true,"href":"http:\/\/www.kunstgalerie-barbara.de\/blog\/wp-json\/wp\/v2\/tags?post=2196"}],"curies":[{"name":"wp","href":"https:\/\/api.w.org\/{rel}","templated":true}]}}