{"id":22023,"date":"2020-11-15T06:44:15","date_gmt":"2020-11-15T04:44:15","guid":{"rendered":"http:\/\/www.kunstgalerie-barbara.de\/blog\/?p=22023"},"modified":"2020-11-19T07:54:24","modified_gmt":"2020-11-19T05:54:24","slug":"es-geht-mitnichten-um-eu-verantwortung-und-schon-garnicht-um-verteidigung-gegen-wen-es-geht-ausschliesslich-um-die-ruestungsindustrie-und-der-reibach-der-mit-waffen-aller-art-gemacht-wird-ja-e","status":"publish","type":"post","link":"http:\/\/www.kunstgalerie-barbara.de\/blog\/2020\/11\/es-geht-mitnichten-um-eu-verantwortung-und-schon-garnicht-um-verteidigung-gegen-wen-es-geht-ausschliesslich-um-die-ruestungsindustrie-und-der-reibach-der-mit-waffen-aller-art-gemacht-wird-ja-e\/","title":{"rendered":"Es geht mitnichten um EU Verantwortung und schon gar nicht um Verteidigung (gegen wen bitte ???) Es geht ausschlie\u00dflich um die R\u00fcstungsindustrie und um den Reibach der mit Waffen aller Art gemacht wird.  Ja, es geht auch um Arbeitspl\u00e4tze. aber in erster Linie verdienen sich nur einige wenige daran dumm und dusslig&#8230;"},"content":{"rendered":"<div class=\"section sectionA sectionArticle\">\n<div class=\"con\">\n<div class=\"modCon\">\n<div class=\"mod modA modParagraph\">\n<div class=\"boxCon\" aria-live=\"polite\">\n<div class=\"box\">\n<div class=\"mediaCon mediaTop\">\n<div class=\"media mediaA\"><img decoding=\"async\" class=\"img\" title=\"Minusma Mali Bundeswehr | Bildquelle: AFP\" src=\"https:\/\/www.tagesschau.de\/multimedia\/bilder\/minusma-mali-bundeswehr-101~_v-modPremium.jpg\" alt=\"Minusma Mali Bundeswehr | Bildquelle: AFP\" data-ctrl-attributeswap=\"{'id':'minusma-mali-bundeswehr-101','action':{'xs':{'src':'\/multimedia\/bilder\/minusma-mali-bundeswehr-101~_v-teaserM.jpg'},'s':{'src':'\/multimedia\/bilder\/minusma-mali-bundeswehr-101~_v-videowebm.jpg'},'m':{'src':'\/multimedia\/bilder\/minusma-mali-bundeswehr-101~_v-modPremiumHalb.jpg'},'l': {'src':'\/multimedia\/bilder\/minusma-mali-bundeswehr-101~_v-modPremium.jpg'},'xl':{'src':'\/multimedia\/bilder\/minusma-mali-bundeswehr-101~_v-modPremium.jpg'}}}\" \/><\/div>\n<\/div>\n<div class=\"meldungHead\">\n<h1><span class=\"dachzeile\">Deutsche Sicherheitspolitik<\/span> <span class=\"headline\">Mehr Verantwortung &#8211; nur wie?<\/span><\/h1>\n<p class=\"text\"><span class=\"stand\">Stand: 15.11.2020 04:49 Uhr<\/span><\/p>\n<\/div>\n<\/div>\n<\/div>\n<\/div>\n<\/div>\n<\/div>\n<\/div>\n<div class=\"section sectionZ sectionArticle\">\n<div class=\"con\">\n<div class=\"modCon\">\n<div class=\"mod modA modParagraph\">\n<p class=\"text small\"><strong>Auch mit einem US-Pr\u00e4sidenten Biden seien Deutschland und Europa gefragt, mehr f\u00fcr die Sicherheit zu tun &#8211; da sind sich viele Politikerinnen und Politiker einig. Dazu braucht es Geld und eine ehrliche Debatte.<\/strong><\/p>\n<p class=\"autorenzeile small\">Von Ariane Reimers, ARD-Hauptstadtstudio<\/p>\n<p class=\"text small\">Erleichterung, Entspannung &#8211; nicht noch einmal vier Jahre Donald Trump. Die Wahl von Joe Biden und Kamala Harris l\u00e4sst viele Politiker in Deutschland aufatmen. Die transatlantische Partnerschaft kann wieder auf ein stabileres Fundament gestellt werden. Der Albtraum, die USA k\u00f6nnten unter Trump aus der NATO austreten, ist vom Tisch.<\/p>\n<p class=\"text small\">Aber trotzdem hat sich etwas ver\u00e4ndert: Die Gewissheit ist weg, dass das Sicherheitsgef\u00fcge zwischen den USA, Europa und Deutschland unzerst\u00f6rbar ist. Und so hei\u00dft es in zahlreichen Politikerreden der vergangenen Wochen &#8211; egal, ob von CDU, Gr\u00fcne, FDP oder SPD: Deutschland und Europa m\u00fcssten jetzt mehr Verantwortung \u00fcbernehmen. Was das allerdings genau hei\u00dft, ist noch nicht klar umrissen.<\/p>\n<\/div>\n<\/div>\n<\/div>\n<\/div>\n","protected":false},"excerpt":{"rendered":"<p>Deutsche Sicherheitspolitik Mehr Verantwortung &#8211; nur wie? Stand: 15.11.2020 04:49 Uhr Auch mit einem US-Pr\u00e4sidenten Biden seien Deutschland und Europa gefragt, mehr f\u00fcr die Sicherheit zu tun &#8211; da sind sich viele Politikerinnen und Politiker einig. Dazu braucht es Geld und eine ehrliche Debatte. Von Ariane Reimers, ARD-Hauptstadtstudio Erleichterung, Entspannung &#8211; nicht noch einmal vier Jahre Donald Trump. Die Wahl von Joe Biden und Kamala Harris l\u00e4sst viele Politiker in Deutschland aufatmen. Die transatlantische Partnerschaft kann wieder auf ein stabileres Fundament gestellt werden. Der Albtraum, die USA k\u00f6nnten unter Trump aus der NATO austreten, ist vom Tisch. Aber trotzdem hat sich etwas ver\u00e4ndert: Die Gewissheit ist weg, dass das Sicherheitsgef\u00fcge zwischen den USA, Europa und Deutschland unzerst\u00f6rbar ist. Und so hei\u00dft es in zahlreichen Politikerreden der vergangenen Wochen &#8211; egal, ob von CDU, Gr\u00fcne, FDP oder SPD: Deutschland und Europa m\u00fcssten jetzt mehr Verantwortung \u00fcbernehmen. Was das allerdings genau hei\u00dft, ist noch nicht klar umrissen.<\/p>\n","protected":false},"author":1,"featured_media":0,"comment_status":"open","ping_status":"open","sticky":false,"template":"","format":"standard","meta":{"footnotes":""},"categories":[3],"tags":[596,1481,1480,209,1479,1477,1478],"jetpack_featured_media_url":"","_links":{"self":[{"href":"http:\/\/www.kunstgalerie-barbara.de\/blog\/wp-json\/wp\/v2\/posts\/22023"}],"collection":[{"href":"http:\/\/www.kunstgalerie-barbara.de\/blog\/wp-json\/wp\/v2\/posts"}],"about":[{"href":"http:\/\/www.kunstgalerie-barbara.de\/blog\/wp-json\/wp\/v2\/types\/post"}],"author":[{"embeddable":true,"href":"http:\/\/www.kunstgalerie-barbara.de\/blog\/wp-json\/wp\/v2\/users\/1"}],"replies":[{"embeddable":true,"href":"http:\/\/www.kunstgalerie-barbara.de\/blog\/wp-json\/wp\/v2\/comments?post=22023"}],"version-history":[{"count":5,"href":"http:\/\/www.kunstgalerie-barbara.de\/blog\/wp-json\/wp\/v2\/posts\/22023\/revisions"}],"predecessor-version":[{"id":22037,"href":"http:\/\/www.kunstgalerie-barbara.de\/blog\/wp-json\/wp\/v2\/posts\/22023\/revisions\/22037"}],"wp:attachment":[{"href":"http:\/\/www.kunstgalerie-barbara.de\/blog\/wp-json\/wp\/v2\/media?parent=22023"}],"wp:term":[{"taxonomy":"category","embeddable":true,"href":"http:\/\/www.kunstgalerie-barbara.de\/blog\/wp-json\/wp\/v2\/categories?post=22023"},{"taxonomy":"post_tag","embeddable":true,"href":"http:\/\/www.kunstgalerie-barbara.de\/blog\/wp-json\/wp\/v2\/tags?post=22023"}],"curies":[{"name":"wp","href":"https:\/\/api.w.org\/{rel}","templated":true}]}}