{"id":22063,"date":"2020-11-29T09:15:18","date_gmt":"2020-11-29T07:15:18","guid":{"rendered":"http:\/\/www.kunstgalerie-barbara.de\/blog\/?p=22063"},"modified":"2020-11-29T09:21:47","modified_gmt":"2020-11-29T07:21:47","slug":"fast-alle-blaetter-unserer-ahoerner-sind-unten-und-der-boden-samt-rhododendren-und-teichen-sind-momentan-mit-laub-bedeckt","status":"publish","type":"post","link":"http:\/\/www.kunstgalerie-barbara.de\/blog\/2020\/11\/fast-alle-blaetter-unserer-ahoerner-sind-unten-und-der-boden-samt-rhododendren-und-teichen-sind-momentan-mit-laub-bedeckt\/","title":{"rendered":"Fast alle Bl\u00e4tter unserer Ah\u00f6rner sind unten und der Boden samt Rhododendren und Teichen sind momentan mit Laub bedeckt&#8230;."},"content":{"rendered":"<p><a href=\"http:\/\/www.kunstgalerie-barbara.de\/blog\/wp-content\/uploads\/2020\/11\/P1150281.jpg\"><img loading=\"lazy\" decoding=\"async\" class=\"aligncenter wp-image-22064\" src=\"http:\/\/www.kunstgalerie-barbara.de\/blog\/wp-content\/uploads\/2020\/11\/P1150281-300x200.jpg\" alt=\"\" width=\"495\" height=\"330\" srcset=\"http:\/\/www.kunstgalerie-barbara.de\/blog\/wp-content\/uploads\/2020\/11\/P1150281-300x200.jpg 300w, http:\/\/www.kunstgalerie-barbara.de\/blog\/wp-content\/uploads\/2020\/11\/P1150281-768x512.jpg 768w, http:\/\/www.kunstgalerie-barbara.de\/blog\/wp-content\/uploads\/2020\/11\/P1150281-1024x683.jpg 1024w, http:\/\/www.kunstgalerie-barbara.de\/blog\/wp-content\/uploads\/2020\/11\/P1150281-1140x760.jpg 1140w\" sizes=\"(max-width: 495px) 100vw, 495px\" \/><\/a>Es ist nicht gut s\u00e4mtliches Laub, das im Garten anf\u00e4llt auf die M\u00fclldepo zu bringen. Wesentlich besser w\u00e4re es, das Laub im Garten zu verteilen, denn es ist wertvoller D\u00fcnger f\u00fcr B\u00e4ume oder\u00a0 Hecken, Str\u00e4ucher ect. Nat\u00fcrlich bekommt unser Igel auch etwas davon ab,\u00a0 zum einkuscheln f\u00fcr den Winter.<br \/>\n\u00dcbrigens werden alle Dekok\u00fcrbisse nicht im M\u00fcll entsorgt, sondern in den T\u00f6pfen und K\u00fcbeln im Garten verteilt. Daran k\u00f6nnen sich sowohl Igel als auch V\u00f6gel oder Insekten, Mikroorganismen g\u00fctlich tun&#8230;..<\/p>\n","protected":false},"excerpt":{"rendered":"<p>Es ist nicht gut s\u00e4mtliches Laub, das im Garten anf\u00e4llt auf die M\u00fclldepo zu bringen. Wesentlich besser w\u00e4re es, das Laub im Garten zu verteilen, denn es ist wertvoller D\u00fcnger f\u00fcr B\u00e4ume oder\u00a0 Hecken, Str\u00e4ucher ect. Nat\u00fcrlich bekommt unser Igel auch etwas davon ab,\u00a0 zum einkuscheln f\u00fcr den Winter. \u00dcbrigens werden alle Dekok\u00fcrbisse nicht im M\u00fcll entsorgt, sondern in den T\u00f6pfen und K\u00fcbeln im Garten verteilt. Daran k\u00f6nnen sich sowohl Igel als auch V\u00f6gel oder Insekten, Mikroorganismen g\u00fctlich tun&#8230;..<\/p>\n","protected":false},"author":1,"featured_media":0,"comment_status":"open","ping_status":"open","sticky":false,"template":"","format":"standard","meta":{"footnotes":""},"categories":[3],"tags":[253,94,296,115,283,309,251,308,97,328,90,262],"jetpack_featured_media_url":"","_links":{"self":[{"href":"http:\/\/www.kunstgalerie-barbara.de\/blog\/wp-json\/wp\/v2\/posts\/22063"}],"collection":[{"href":"http:\/\/www.kunstgalerie-barbara.de\/blog\/wp-json\/wp\/v2\/posts"}],"about":[{"href":"http:\/\/www.kunstgalerie-barbara.de\/blog\/wp-json\/wp\/v2\/types\/post"}],"author":[{"embeddable":true,"href":"http:\/\/www.kunstgalerie-barbara.de\/blog\/wp-json\/wp\/v2\/users\/1"}],"replies":[{"embeddable":true,"href":"http:\/\/www.kunstgalerie-barbara.de\/blog\/wp-json\/wp\/v2\/comments?post=22063"}],"version-history":[{"count":4,"href":"http:\/\/www.kunstgalerie-barbara.de\/blog\/wp-json\/wp\/v2\/posts\/22063\/revisions"}],"predecessor-version":[{"id":22068,"href":"http:\/\/www.kunstgalerie-barbara.de\/blog\/wp-json\/wp\/v2\/posts\/22063\/revisions\/22068"}],"wp:attachment":[{"href":"http:\/\/www.kunstgalerie-barbara.de\/blog\/wp-json\/wp\/v2\/media?parent=22063"}],"wp:term":[{"taxonomy":"category","embeddable":true,"href":"http:\/\/www.kunstgalerie-barbara.de\/blog\/wp-json\/wp\/v2\/categories?post=22063"},{"taxonomy":"post_tag","embeddable":true,"href":"http:\/\/www.kunstgalerie-barbara.de\/blog\/wp-json\/wp\/v2\/tags?post=22063"}],"curies":[{"name":"wp","href":"https:\/\/api.w.org\/{rel}","templated":true}]}}