{"id":22451,"date":"2021-07-27T10:16:40","date_gmt":"2021-07-27T08:16:40","guid":{"rendered":"http:\/\/www.kunstgalerie-barbara.de\/blog\/?p=22451"},"modified":"2021-07-27T10:22:59","modified_gmt":"2021-07-27T08:22:59","slug":"sowohl-gruene-als-auch-spd-und-cdu-haben-etwas-gegen-direkte-demokratie-heisst-volksabstimmung-auf-bundesebene-weil-sie-um-ihren-einfluss-ihre-macht-fuerchten-das-ist-nicht-akzeptabel-bitte-untersc","status":"publish","type":"post","link":"http:\/\/www.kunstgalerie-barbara.de\/blog\/2021\/07\/sowohl-gruene-als-auch-spd-und-cdu-haben-etwas-gegen-direkte-demokratie-heisst-volksabstimmung-auf-bundesebene-weil-sie-um-ihren-einfluss-ihre-macht-fuerchten-das-ist-nicht-akzeptabel-bitte-untersc\/","title":{"rendered":"Sowohl Gr\u00fcne als auch SPD und CDU haben etwas gegen direkte Demokratie hei\u00dft Volksabstimmung auf Bundesebene, weil sie um ihren Einflu\u00df ihre Macht f\u00fcrchten. Das ist nicht akzeptabel. Bitte unterschreibt die Petion zur direkten Demokratie von Daniel Schily &#038; Olaf Seeling. 75000  haben es schon getan aber es sollen noch mehr werden am besten 250000."},"content":{"rendered":"<p><img decoding=\"async\" class=\"image-cropper-nodrag position-absolute-center \" src=\"https:\/\/assets.change.org\/photos\/7\/me\/sv\/RKmEsVmStfyzmcU-800x450-noPad.jpg?1613937064\" alt=\"\" \/><\/p>\n<p><a href=\"http:\/\/chng.it\/pYzT9Pnhdf\">\u00a0\u00a0\u00a0\u00a0 hier zur Petition: \u00a0 http:\/\/chng.it\/pYzT9Pnhdf<\/a><\/p>\n","protected":false},"excerpt":{"rendered":"<p>\u00a0\u00a0\u00a0\u00a0 hier zur Petition: \u00a0 http:\/\/chng.it\/pYzT9Pnhdf<\/p>\n","protected":false},"author":1,"featured_media":0,"comment_status":"open","ping_status":"open","sticky":false,"template":"","format":"standard","meta":{"footnotes":""},"categories":[3],"tags":[1704,271,1707,1073,1708,1709,1614,603,795,1711,1705,1706,1710,1703],"jetpack_featured_media_url":"","_links":{"self":[{"href":"http:\/\/www.kunstgalerie-barbara.de\/blog\/wp-json\/wp\/v2\/posts\/22451"}],"collection":[{"href":"http:\/\/www.kunstgalerie-barbara.de\/blog\/wp-json\/wp\/v2\/posts"}],"about":[{"href":"http:\/\/www.kunstgalerie-barbara.de\/blog\/wp-json\/wp\/v2\/types\/post"}],"author":[{"embeddable":true,"href":"http:\/\/www.kunstgalerie-barbara.de\/blog\/wp-json\/wp\/v2\/users\/1"}],"replies":[{"embeddable":true,"href":"http:\/\/www.kunstgalerie-barbara.de\/blog\/wp-json\/wp\/v2\/comments?post=22451"}],"version-history":[{"count":4,"href":"http:\/\/www.kunstgalerie-barbara.de\/blog\/wp-json\/wp\/v2\/posts\/22451\/revisions"}],"predecessor-version":[{"id":22455,"href":"http:\/\/www.kunstgalerie-barbara.de\/blog\/wp-json\/wp\/v2\/posts\/22451\/revisions\/22455"}],"wp:attachment":[{"href":"http:\/\/www.kunstgalerie-barbara.de\/blog\/wp-json\/wp\/v2\/media?parent=22451"}],"wp:term":[{"taxonomy":"category","embeddable":true,"href":"http:\/\/www.kunstgalerie-barbara.de\/blog\/wp-json\/wp\/v2\/categories?post=22451"},{"taxonomy":"post_tag","embeddable":true,"href":"http:\/\/www.kunstgalerie-barbara.de\/blog\/wp-json\/wp\/v2\/tags?post=22451"}],"curies":[{"name":"wp","href":"https:\/\/api.w.org\/{rel}","templated":true}]}}