{"id":22457,"date":"2021-07-31T13:23:37","date_gmt":"2021-07-31T11:23:37","guid":{"rendered":"http:\/\/www.kunstgalerie-barbara.de\/blog\/?p=22457"},"modified":"2021-07-31T13:25:30","modified_gmt":"2021-07-31T11:25:30","slug":"es-gab-bis-vor-kurzem-einen-wunderschoenen-vierzig-jahre-alten-drei-bis-vier-meter-grossen-fliederbaum-bis-ja-bis-die-neuen-hausbesitzer-sich-darueber-hermachten-und-ihn-toeteten-uebrig-blieben-nu","status":"publish","type":"post","link":"http:\/\/www.kunstgalerie-barbara.de\/blog\/2021\/07\/es-gab-bis-vor-kurzem-einen-wunderschoenen-vierzig-jahre-alten-drei-bis-vier-meter-grossen-fliederbaum-bis-ja-bis-die-neuen-hausbesitzer-sich-darueber-hermachten-und-ihn-toeteten-uebrig-blieben-nu\/","title":{"rendered":"Es gab bis vor kurzem in unserer Nachbarschaft einen wundersch\u00f6nen vierzig Jahre alten drei bis vier Meter gro\u00dfen Fliederbaum, bis ja, bis die neuen Hausbesitzer sich dar\u00fcber hermachten und ihn t\u00f6teten. \u00dcbrig blieben  nur ein paar Baumst\u00fcmpfe. Ich kann es immer noch nicht fassen, warum sie dies taten, denn der Flieder war gesund und wurde von Jahr zu Jahr pr\u00e4chtiger, trug in jedem neuen Jahr mehr Bl\u00fcten. Wie mu\u00df man B\u00e4ume verachten, ja hassen um derma\u00dfen mit ihnen umzugehen. Der Baum wurde \u00fcbrigens  vermutlich ohne Erlaubnis der Umweltschutzbeh\u00f6rde gef\u00e4llt, w\u00e4hrend der Brutzeit der Gartenv\u00f6gel. Jeder Baum, auch ein Flieder ist momentan essenziell f\u00fcr uns alle, nicht nur Eiche, Buche oder Ahorn. Gerade in den St\u00e4dten sind B\u00e4ume von enormer  Bedeutung, um  hei\u00dfe Sommer  besser ertragen zu k\u00f6nnen, denn gerade Laubb\u00e4ume k\u00fchlen bekannterma\u00dfen ihr Umfeld um einige Grade herunter. B\u00e4ume sind nicht nur f\u00fcr uns Menschen von gro\u00dfer Bedeutung, sie sind es auch f\u00fcr unsere Gartenv\u00f6gel."},"content":{"rendered":"<p><a href=\"http:\/\/www.kunstgalerie-barbara.de\/blog\/wp-content\/uploads\/2021\/07\/P1180936-scaled.jpg\"><img loading=\"lazy\" decoding=\"async\" class=\"aligncenter wp-image-22458\" src=\"http:\/\/www.kunstgalerie-barbara.de\/blog\/wp-content\/uploads\/2021\/07\/P1180936-300x200.jpg\" alt=\"\" width=\"501\" height=\"334\" srcset=\"http:\/\/www.kunstgalerie-barbara.de\/blog\/wp-content\/uploads\/2021\/07\/P1180936-300x200.jpg 300w, http:\/\/www.kunstgalerie-barbara.de\/blog\/wp-content\/uploads\/2021\/07\/P1180936-1024x683.jpg 1024w, http:\/\/www.kunstgalerie-barbara.de\/blog\/wp-content\/uploads\/2021\/07\/P1180936-768x512.jpg 768w, http:\/\/www.kunstgalerie-barbara.de\/blog\/wp-content\/uploads\/2021\/07\/P1180936-1536x1024.jpg 1536w, http:\/\/www.kunstgalerie-barbara.de\/blog\/wp-content\/uploads\/2021\/07\/P1180936-2048x1365.jpg 2048w, http:\/\/www.kunstgalerie-barbara.de\/blog\/wp-content\/uploads\/2021\/07\/P1180936-1140x760.jpg 1140w\" sizes=\"(max-width: 501px) 100vw, 501px\" \/><\/a><\/p>\n","protected":false},"excerpt":{"rendered":"","protected":false},"author":1,"featured_media":0,"comment_status":"open","ping_status":"open","sticky":false,"template":"","format":"standard","meta":{"footnotes":""},"categories":[3],"tags":[1202,253,94,1714,1713,1712,388,123,108,370,97,328,90,783,1224,135,1619,210,206],"jetpack_featured_media_url":"","_links":{"self":[{"href":"http:\/\/www.kunstgalerie-barbara.de\/blog\/wp-json\/wp\/v2\/posts\/22457"}],"collection":[{"href":"http:\/\/www.kunstgalerie-barbara.de\/blog\/wp-json\/wp\/v2\/posts"}],"about":[{"href":"http:\/\/www.kunstgalerie-barbara.de\/blog\/wp-json\/wp\/v2\/types\/post"}],"author":[{"embeddable":true,"href":"http:\/\/www.kunstgalerie-barbara.de\/blog\/wp-json\/wp\/v2\/users\/1"}],"replies":[{"embeddable":true,"href":"http:\/\/www.kunstgalerie-barbara.de\/blog\/wp-json\/wp\/v2\/comments?post=22457"}],"version-history":[{"count":4,"href":"http:\/\/www.kunstgalerie-barbara.de\/blog\/wp-json\/wp\/v2\/posts\/22457\/revisions"}],"predecessor-version":[{"id":22462,"href":"http:\/\/www.kunstgalerie-barbara.de\/blog\/wp-json\/wp\/v2\/posts\/22457\/revisions\/22462"}],"wp:attachment":[{"href":"http:\/\/www.kunstgalerie-barbara.de\/blog\/wp-json\/wp\/v2\/media?parent=22457"}],"wp:term":[{"taxonomy":"category","embeddable":true,"href":"http:\/\/www.kunstgalerie-barbara.de\/blog\/wp-json\/wp\/v2\/categories?post=22457"},{"taxonomy":"post_tag","embeddable":true,"href":"http:\/\/www.kunstgalerie-barbara.de\/blog\/wp-json\/wp\/v2\/tags?post=22457"}],"curies":[{"name":"wp","href":"https:\/\/api.w.org\/{rel}","templated":true}]}}