{"id":22516,"date":"2021-08-19T06:13:06","date_gmt":"2021-08-19T04:13:06","guid":{"rendered":"http:\/\/www.kunstgalerie-barbara.de\/blog\/?p=22516"},"modified":"2026-04-18T11:15:45","modified_gmt":"2026-04-18T09:15:45","slug":"wurzeln-wunderwerke-der-natur-wurzeln-haben-viele-wichtige-funktionen-sie-sind-speicherorgane-der-pflanzen-fuer-naehrstoffe-und-wassertransport-sie-sorgen-fuer-halt-im-boden-und-koennen-sogar-komm","status":"publish","type":"post","link":"http:\/\/www.kunstgalerie-barbara.de\/blog\/2021\/08\/wurzeln-wunderwerke-der-natur-wurzeln-haben-viele-wichtige-funktionen-sie-sind-speicherorgane-der-pflanzen-fuer-naehrstoffe-und-wassertransport-sie-sorgen-fuer-halt-im-boden-und-koennen-sogar-komm\/","title":{"rendered":"Wurzeln, Wunderwerke der Natur! Wurzeln haben viele wichtige Funktionen. Sie sind Speicherorgane der Pflanzen f\u00fcr N\u00e4hrstoffe und Wassertransport. Sie sorgen f\u00fcr Halt im Boden und k\u00f6nnen sogar kommunizieren."},"content":{"rendered":"<p style=\"text-align: center;\"><a href=\"http:\/\/iframe%20src=https:\/\/www.ardmediathek.de\/embed\/Y3JpZDovL3N3ci5kZS9hZXgvbzE1MTQ1NzU%20width=640%20height=420%20allowfullscreen%20frameBorder=0%20scrolling=no\/iframe\">http:\/\/<iframe loading=\"lazy\" src=\"https:\/\/www.ardmediathek.de\/embed\/Y3JpZDovL3N3ci5kZS9hZXgvbzE1MTQ1NzU\" width=\"640\" height=\"420\" frameborder=\"0\" scrolling=\"no\" allowfullscreen=\"allowfullscreen\"><\/iframe><\/a><\/p>\n","protected":false},"excerpt":{"rendered":"<p>http:\/\/<\/p>\n","protected":false},"author":1,"featured_media":0,"comment_status":"open","ping_status":"open","sticky":false,"template":"","format":"standard","meta":{"footnotes":""},"categories":[3],"tags":[253,1746,309,97,1731,90,135,206,1747,98,1745],"jetpack_featured_media_url":"","_links":{"self":[{"href":"http:\/\/www.kunstgalerie-barbara.de\/blog\/wp-json\/wp\/v2\/posts\/22516"}],"collection":[{"href":"http:\/\/www.kunstgalerie-barbara.de\/blog\/wp-json\/wp\/v2\/posts"}],"about":[{"href":"http:\/\/www.kunstgalerie-barbara.de\/blog\/wp-json\/wp\/v2\/types\/post"}],"author":[{"embeddable":true,"href":"http:\/\/www.kunstgalerie-barbara.de\/blog\/wp-json\/wp\/v2\/users\/1"}],"replies":[{"embeddable":true,"href":"http:\/\/www.kunstgalerie-barbara.de\/blog\/wp-json\/wp\/v2\/comments?post=22516"}],"version-history":[{"count":2,"href":"http:\/\/www.kunstgalerie-barbara.de\/blog\/wp-json\/wp\/v2\/posts\/22516\/revisions"}],"predecessor-version":[{"id":24189,"href":"http:\/\/www.kunstgalerie-barbara.de\/blog\/wp-json\/wp\/v2\/posts\/22516\/revisions\/24189"}],"wp:attachment":[{"href":"http:\/\/www.kunstgalerie-barbara.de\/blog\/wp-json\/wp\/v2\/media?parent=22516"}],"wp:term":[{"taxonomy":"category","embeddable":true,"href":"http:\/\/www.kunstgalerie-barbara.de\/blog\/wp-json\/wp\/v2\/categories?post=22516"},{"taxonomy":"post_tag","embeddable":true,"href":"http:\/\/www.kunstgalerie-barbara.de\/blog\/wp-json\/wp\/v2\/tags?post=22516"}],"curies":[{"name":"wp","href":"https:\/\/api.w.org\/{rel}","templated":true}]}}