{"id":22901,"date":"2022-03-02T08:48:33","date_gmt":"2022-03-02T06:48:33","guid":{"rendered":"http:\/\/www.kunstgalerie-barbara.de\/blog\/?p=22901"},"modified":"2022-03-02T08:53:45","modified_gmt":"2022-03-02T06:53:45","slug":"es-fehlen-ganz-entschieden-mehr-politikerinnen-frauen-auf-der-politischen-weltbuehne-und-vor-allem-in-russland-mit-einer-frau-dort-an-der-spitze-haette-es-keinen-angriffskrieg-in-europa-gegeben-f","status":"publish","type":"post","link":"http:\/\/www.kunstgalerie-barbara.de\/blog\/2022\/03\/es-fehlen-ganz-entschieden-mehr-politikerinnen-frauen-auf-der-politischen-weltbuehne-und-vor-allem-in-russland-mit-einer-frau-dort-an-der-spitze-haette-es-keinen-angriffskrieg-in-europa-gegeben-f\/","title":{"rendered":"Es fehlen ganz entschieden mehr Frauen auf der politischen Weltb\u00fchne und vor allem in Ru\u00dfland.  Mit einer Frau dort an der Spitze, h\u00e4tte es keinen Angriffskrieg in Europa gegeben.  Fazit: Weg mit den testosterongesteuerten, machtbesessenen Idioten, denn wir haben wirklich andere Sorgen auf unserem wundersch\u00f6nen blauen Planeten&#8230;"},"content":{"rendered":"<p><img decoding=\"async\" class=\"ts-image\" title=\"Das besch\u00e4digte Rathausgeb\u00e4ude in Charkiw, Ukraine. | picture alliance\/dpa\/Ukrainian E\" src=\"https:\/\/www.tagesschau.de\/multimedia\/bilder\/charkiw-rathaus-101~_v-gross20x9.jpg\" alt=\"Das besch\u00e4digte Rathausgeb\u00e4ude in Charkiw, Ukraine. | picture alliance\/dpa\/Ukrainian E\" \/><\/p>\n","protected":false},"excerpt":{"rendered":"","protected":false},"author":1,"featured_media":0,"comment_status":"open","ping_status":"open","sticky":false,"template":"","format":"standard","meta":{"footnotes":""},"categories":[3],"tags":[1387,122,1221,1863,1864,1861,126,133,1865,1386,1834,1857,1862],"jetpack_featured_media_url":"","_links":{"self":[{"href":"http:\/\/www.kunstgalerie-barbara.de\/blog\/wp-json\/wp\/v2\/posts\/22901"}],"collection":[{"href":"http:\/\/www.kunstgalerie-barbara.de\/blog\/wp-json\/wp\/v2\/posts"}],"about":[{"href":"http:\/\/www.kunstgalerie-barbara.de\/blog\/wp-json\/wp\/v2\/types\/post"}],"author":[{"embeddable":true,"href":"http:\/\/www.kunstgalerie-barbara.de\/blog\/wp-json\/wp\/v2\/users\/1"}],"replies":[{"embeddable":true,"href":"http:\/\/www.kunstgalerie-barbara.de\/blog\/wp-json\/wp\/v2\/comments?post=22901"}],"version-history":[{"count":4,"href":"http:\/\/www.kunstgalerie-barbara.de\/blog\/wp-json\/wp\/v2\/posts\/22901\/revisions"}],"predecessor-version":[{"id":22904,"href":"http:\/\/www.kunstgalerie-barbara.de\/blog\/wp-json\/wp\/v2\/posts\/22901\/revisions\/22904"}],"wp:attachment":[{"href":"http:\/\/www.kunstgalerie-barbara.de\/blog\/wp-json\/wp\/v2\/media?parent=22901"}],"wp:term":[{"taxonomy":"category","embeddable":true,"href":"http:\/\/www.kunstgalerie-barbara.de\/blog\/wp-json\/wp\/v2\/categories?post=22901"},{"taxonomy":"post_tag","embeddable":true,"href":"http:\/\/www.kunstgalerie-barbara.de\/blog\/wp-json\/wp\/v2\/tags?post=22901"}],"curies":[{"name":"wp","href":"https:\/\/api.w.org\/{rel}","templated":true}]}}