{"id":2292,"date":"2012-06-02T05:42:44","date_gmt":"2012-06-02T04:42:44","guid":{"rendered":"http:\/\/www.kunstgalerie-barbara.de\/blog\/?p=2292"},"modified":"2012-06-02T05:33:24","modified_gmt":"2012-06-02T04:33:24","slug":"minibiotop","status":"publish","type":"post","link":"http:\/\/www.kunstgalerie-barbara.de\/blog\/2012\/06\/minibiotop\/","title":{"rendered":"Minibiotop im Blumenk\u00fcbel mit Entenflott, Algen und Wasserfl\u00f6hen! Besser klein als nichts!"},"content":{"rendered":"<p style=\"text-align: center;\"><img loading=\"lazy\" decoding=\"async\" class=\"aligncenter size-full wp-image-2218\" title=\"p1010028\" src=\"http:\/\/www.kunstgalerie-barbara.de\/blog\/wp-content\/uploads\/2009\/07\/p1010028.jpg\" alt=\"p1010028\" width=\"259\" height=\"346\" \/><\/p>\n<p style=\"text-align: center;\"><!--more--><\/p>\n<p><img loading=\"lazy\" decoding=\"async\" class=\"size-full wp-image-2382 alignleft\" title=\"p1010108\" src=\"http:\/\/www.kunstgalerie-barbara.de\/blog\/wp-content\/uploads\/2009\/07\/p1010108.jpg\" alt=\"p1010108\" width=\"259\" height=\"346\" \/><\/p>\n<p style=\"text-align: left;\">Es ist klein und hat je nach Gr\u00f6\u00dfe des Blumenk\u00fcbels auch auf einem Balkon Platz.<\/p>\n<p style=\"text-align: left;\">Mit Entenflott und\u00a0 Daphnien (Wasserfl\u00f6hen) und S\u00fc\u00dfwasser-Algen.<br \/>\nGanz einfach herzustellen!<br \/>\nLasierten Blumenk\u00fcbel dicht machen bzw. Abflu\u00dfloch schlie\u00dfen dann Wasser einf\u00fcllen. Dabei ist etwas Findigkeit gefragt. Aus einem Gartencenter oder n\u00e4chstgelegem stehenden Gew\u00e4sser Entenflott (Wasserlinsen) besorgen.<br \/>\nEventuell auch Wassersalat (Gartencenter) zwischen die Wasserlinsen setzen, sieht sehr dekorativ aus.<\/p>\n<p style=\"text-align: left;\">S\u00fc\u00dfwasseralgen k\u00f6nnen, m\u00fcssen jedoch nicht sein, weil man von ihrer Anwesenheit unter dem Entenflott eh nicht viel mitbekommt.<\/p>\n<p style=\"text-align: left;\">Wasserfl\u00f6he ( Zierfischnahrung) bekommt man im Zooladen.<br \/>\nschon ist es fertig, das Minibiotop!<\/p>\n<p style=\"text-align: center;\">\n","protected":false},"excerpt":{"rendered":"","protected":false},"author":1,"featured_media":0,"comment_status":"open","ping_status":"open","sticky":false,"template":"","format":"standard","meta":{"footnotes":""},"categories":[26],"tags":[],"jetpack_featured_media_url":"","_links":{"self":[{"href":"http:\/\/www.kunstgalerie-barbara.de\/blog\/wp-json\/wp\/v2\/posts\/2292"}],"collection":[{"href":"http:\/\/www.kunstgalerie-barbara.de\/blog\/wp-json\/wp\/v2\/posts"}],"about":[{"href":"http:\/\/www.kunstgalerie-barbara.de\/blog\/wp-json\/wp\/v2\/types\/post"}],"author":[{"embeddable":true,"href":"http:\/\/www.kunstgalerie-barbara.de\/blog\/wp-json\/wp\/v2\/users\/1"}],"replies":[{"embeddable":true,"href":"http:\/\/www.kunstgalerie-barbara.de\/blog\/wp-json\/wp\/v2\/comments?post=2292"}],"version-history":[{"count":1,"href":"http:\/\/www.kunstgalerie-barbara.de\/blog\/wp-json\/wp\/v2\/posts\/2292\/revisions"}],"predecessor-version":[{"id":10284,"href":"http:\/\/www.kunstgalerie-barbara.de\/blog\/wp-json\/wp\/v2\/posts\/2292\/revisions\/10284"}],"wp:attachment":[{"href":"http:\/\/www.kunstgalerie-barbara.de\/blog\/wp-json\/wp\/v2\/media?parent=2292"}],"wp:term":[{"taxonomy":"category","embeddable":true,"href":"http:\/\/www.kunstgalerie-barbara.de\/blog\/wp-json\/wp\/v2\/categories?post=2292"},{"taxonomy":"post_tag","embeddable":true,"href":"http:\/\/www.kunstgalerie-barbara.de\/blog\/wp-json\/wp\/v2\/tags?post=2292"}],"curies":[{"name":"wp","href":"https:\/\/api.w.org\/{rel}","templated":true}]}}