{"id":23060,"date":"2022-06-25T14:25:44","date_gmt":"2022-06-25T12:25:44","guid":{"rendered":"http:\/\/www.kunstgalerie-barbara.de\/blog\/?p=23060"},"modified":"2022-06-25T14:39:56","modified_gmt":"2022-06-25T12:39:56","slug":"wir-die-privaten-haushalte-bezahlen-hoechstpreise-naemlich-44-euro-fuer-den-kubikmeter-trinkwasser-die-industrie-wie-rwe-und-basf-hingegen-nur-0-05-euro-fuer-denselben-kubikmeter-die-bevoelkerun","status":"publish","type":"post","link":"http:\/\/www.kunstgalerie-barbara.de\/blog\/2022\/06\/wir-die-privaten-haushalte-bezahlen-hoechstpreise-naemlich-44-euro-fuer-den-kubikmeter-trinkwasser-die-industrie-wie-rwe-und-basf-hingegen-nur-0-05-euro-fuer-denselben-kubikmeter-die-bevoelkerun\/","title":{"rendered":"Die privaten Haushalte bezahlen H\u00f6chstpreise, n\u00e4mlich 4,4 Euro f\u00fcr den Kubikmeter Trinkwasser, die Industrie wie RWE und BASF  hingegen nur 0.05 Euro f\u00fcr denselben Kubikmeter. Die Bev\u00f6lkerung soll Wasser sparen bei Wasserknappheit, die Industrie nicht&#8230;"},"content":{"rendered":"<header class=\"list__header\">\n<h1 class=\"secondary-title\">Die gr\u00f6\u00dften Wasserschlucker<\/h1>\n<h1 class=\"secondary-title\">Deutschlands<\/h1>\n<p class=\"detail__excerpt\">Die deutsche Gro\u00dfindustrie verbraucht Billionen Liter Wasser j\u00e4hrlich \u2013 vielfach mehr als die privaten Haushalte. Trotzdem werden laut CORRECTIV-Recherchen k\u00fcnftig vor allem B\u00fcrgerinnen und B\u00fcrger sparen m\u00fcssen: Jahrzehntelange Vertr\u00e4ge sichern den Konsum von Industrie und Gro\u00dfverbrauchern.<\/p>\n<\/header>\n<p class=\"detail__authors\">von <a class=\"detail__authors-link\" href=\"https:\/\/correctiv.org\/team\/annika-joeres\/\">Annika Joeres<\/a> , <a class=\"detail__authors-link\" href=\"https:\/\/correctiv.org\/team\/gesa-steeger\/\">Gesa Steeger<\/a> , <a class=\"detail__authors-link\" href=\"https:\/\/correctiv.org\/team\/katarina-huth\/\">Katarina Huth<\/a><\/p>\n<p><time class=\"detail__date\" datetime=\"2022-06-24T06:59:12+01:00\">24. Juni 2022<\/time><\/p>\n<figure class=\"figure\"><picture class=\"picture list__image\"><source srcset=\"https:\/\/correctiv.org\/wp-content\/uploads\/2022\/06\/262604665-1-1-750x412.jpg\" media=\"(max-width: 700px)\" data-srcset=\"https:\/\/correctiv.org\/wp-content\/uploads\/2022\/06\/262604665-1-1-750x412.jpg\" \/><source srcset=\"https:\/\/correctiv.org\/wp-content\/uploads\/2022\/06\/262604665-1-1-1412x772.jpg\" media=\"(max-width: 860px)\" data-srcset=\"https:\/\/correctiv.org\/wp-content\/uploads\/2022\/06\/262604665-1-1-1412x772.jpg\" \/><\/picture><\/figure>\n<p><img decoding=\"async\" class=\"picture__image lazyloaded aligncenter\" src=\"https:\/\/correctiv.org\/aktuelles\/klimawandel\/2022\/06\/24\/wasser-verbrauch-unternehmen-private-haushalte\/\" srcset=\"https:\/\/correctiv.org\/wp-content\/uploads\/2022\/06\/262604665-1-1-706x386.jpg 1x, https:\/\/correctiv.org\/wp-content\/uploads\/2022\/06\/262604665-1-1-1412x772.jpg 2x\" alt=\"Braunkohlekraftwerk\" data-srcset=\"https:\/\/correctiv.org\/wp-content\/uploads\/2022\/06\/262604665-1-1-706x386.jpg 1x, https:\/\/correctiv.org\/wp-content\/uploads\/2022\/06\/262604665-1-1-1412x772.jpg 2x\" \/><\/p>\n<p><a href=\"https:\/\/correctiv.org\/aktuelles\/klimawandel\/2022\/06\/24\/wasser-verbrauch-unternehmen-private-haushalte\/\">https:\/\/correctiv.org\/aktuelles\/klimawandel\/2022\/06\/24\/wasser-verbrauch-unternehmen-private-haushalte\/<\/a><\/p>\n","protected":false},"excerpt":{"rendered":"<p>Die gr\u00f6\u00dften Wasserschlucker Deutschlands Die deutsche Gro\u00dfindustrie verbraucht Billionen Liter Wasser j\u00e4hrlich \u2013 vielfach mehr als die privaten Haushalte. Trotzdem werden laut CORRECTIV-Recherchen k\u00fcnftig vor allem B\u00fcrgerinnen und B\u00fcrger sparen m\u00fcssen: Jahrzehntelange Vertr\u00e4ge sichern den Konsum von Industrie und Gro\u00dfverbrauchern. von Annika Joeres , Gesa Steeger , Katarina Huth 24. Juni 2022 https:\/\/correctiv.org\/aktuelles\/klimawandel\/2022\/06\/24\/wasser-verbrauch-unternehmen-private-haushalte\/<\/p>\n","protected":false},"author":1,"featured_media":0,"comment_status":"open","ping_status":"open","sticky":false,"template":"","format":"standard","meta":{"footnotes":""},"categories":[42,75,40,51,64],"tags":[1917,1916,1920,1915,1283,135,1918,1919],"jetpack_featured_media_url":"","_links":{"self":[{"href":"http:\/\/www.kunstgalerie-barbara.de\/blog\/wp-json\/wp\/v2\/posts\/23060"}],"collection":[{"href":"http:\/\/www.kunstgalerie-barbara.de\/blog\/wp-json\/wp\/v2\/posts"}],"about":[{"href":"http:\/\/www.kunstgalerie-barbara.de\/blog\/wp-json\/wp\/v2\/types\/post"}],"author":[{"embeddable":true,"href":"http:\/\/www.kunstgalerie-barbara.de\/blog\/wp-json\/wp\/v2\/users\/1"}],"replies":[{"embeddable":true,"href":"http:\/\/www.kunstgalerie-barbara.de\/blog\/wp-json\/wp\/v2\/comments?post=23060"}],"version-history":[{"count":6,"href":"http:\/\/www.kunstgalerie-barbara.de\/blog\/wp-json\/wp\/v2\/posts\/23060\/revisions"}],"predecessor-version":[{"id":23066,"href":"http:\/\/www.kunstgalerie-barbara.de\/blog\/wp-json\/wp\/v2\/posts\/23060\/revisions\/23066"}],"wp:attachment":[{"href":"http:\/\/www.kunstgalerie-barbara.de\/blog\/wp-json\/wp\/v2\/media?parent=23060"}],"wp:term":[{"taxonomy":"category","embeddable":true,"href":"http:\/\/www.kunstgalerie-barbara.de\/blog\/wp-json\/wp\/v2\/categories?post=23060"},{"taxonomy":"post_tag","embeddable":true,"href":"http:\/\/www.kunstgalerie-barbara.de\/blog\/wp-json\/wp\/v2\/tags?post=23060"}],"curies":[{"name":"wp","href":"https:\/\/api.w.org\/{rel}","templated":true}]}}