{"id":23181,"date":"2022-08-16T12:05:13","date_gmt":"2022-08-16T10:05:13","guid":{"rendered":"http:\/\/www.kunstgalerie-barbara.de\/blog\/?p=23181"},"modified":"2022-08-17T15:25:22","modified_gmt":"2022-08-17T13:25:22","slug":"eine-einzigartige-landschaft-im-sueden-niedersachsens-ist-der-nationalpark-harz","status":"publish","type":"post","link":"http:\/\/www.kunstgalerie-barbara.de\/blog\/2022\/08\/eine-einzigartige-landschaft-im-sueden-niedersachsens-ist-der-nationalpark-harz\/","title":{"rendered":"Eine einzigartige Landschaft im S\u00fcden Niedersachsens ist der Nationalpark Harz. In den W\u00e4ldern des Harzes haben sich neben Wildtieren wie beispielsweise Rehen und Dachsen auch wieder Luchse und W\u00f6lfe angesiedelt&#8230;."},"content":{"rendered":"<p><iframe loading=\"lazy\" title=\"Nationalpark Harz\" width=\"960\" height=\"720\" src=\"https:\/\/www.youtube.com\/embed\/DdQyJYcsApc?feature=oembed\" frameborder=\"0\" allow=\"accelerometer; autoplay; clipboard-write; encrypted-media; gyroscope; picture-in-picture\" allowfullscreen><\/iframe><\/p>\n<div style=\"position: static !important;\"><\/div>\n","protected":false},"excerpt":{"rendered":"","protected":false},"author":1,"featured_media":0,"comment_status":"open","ping_status":"open","sticky":false,"template":"","format":"standard","meta":{"footnotes":""},"categories":[3,73,67,64],"tags":[94,87,1952,300,1954,1297,97,238,837,328,90,135,1953],"jetpack_featured_media_url":"","_links":{"self":[{"href":"http:\/\/www.kunstgalerie-barbara.de\/blog\/wp-json\/wp\/v2\/posts\/23181"}],"collection":[{"href":"http:\/\/www.kunstgalerie-barbara.de\/blog\/wp-json\/wp\/v2\/posts"}],"about":[{"href":"http:\/\/www.kunstgalerie-barbara.de\/blog\/wp-json\/wp\/v2\/types\/post"}],"author":[{"embeddable":true,"href":"http:\/\/www.kunstgalerie-barbara.de\/blog\/wp-json\/wp\/v2\/users\/1"}],"replies":[{"embeddable":true,"href":"http:\/\/www.kunstgalerie-barbara.de\/blog\/wp-json\/wp\/v2\/comments?post=23181"}],"version-history":[{"count":5,"href":"http:\/\/www.kunstgalerie-barbara.de\/blog\/wp-json\/wp\/v2\/posts\/23181\/revisions"}],"predecessor-version":[{"id":23187,"href":"http:\/\/www.kunstgalerie-barbara.de\/blog\/wp-json\/wp\/v2\/posts\/23181\/revisions\/23187"}],"wp:attachment":[{"href":"http:\/\/www.kunstgalerie-barbara.de\/blog\/wp-json\/wp\/v2\/media?parent=23181"}],"wp:term":[{"taxonomy":"category","embeddable":true,"href":"http:\/\/www.kunstgalerie-barbara.de\/blog\/wp-json\/wp\/v2\/categories?post=23181"},{"taxonomy":"post_tag","embeddable":true,"href":"http:\/\/www.kunstgalerie-barbara.de\/blog\/wp-json\/wp\/v2\/tags?post=23181"}],"curies":[{"name":"wp","href":"https:\/\/api.w.org\/{rel}","templated":true}]}}