{"id":23453,"date":"2023-03-23T10:54:48","date_gmt":"2023-03-23T08:54:48","guid":{"rendered":"http:\/\/www.kunstgalerie-barbara.de\/blog\/?p=23453"},"modified":"2023-03-23T11:09:18","modified_gmt":"2023-03-23T09:09:18","slug":"die-pulsatillabluete-sieht-nicht-nur-wunderschoen-aus-sie-ist-auch-teil-einer-sehr-wirksamen-heilpflanze-die-homoeopathisch-aufbereitet-unter-anderem-bei-husten-und-schnupfen-verordnet-wird","status":"publish","type":"post","link":"http:\/\/www.kunstgalerie-barbara.de\/blog\/2023\/03\/die-pulsatillabluete-sieht-nicht-nur-wunderschoen-aus-sie-ist-auch-teil-einer-sehr-wirksamen-heilpflanze-die-homoeopathisch-aufbereitet-unter-anderem-bei-husten-und-schnupfen-verordnet-wird\/","title":{"rendered":"Die Pulsatillabl\u00fcte sieht nicht nur wundersch\u00f6n aus, sie ist auch Teil einer sehr wirksamen Heilpflanze, die hom\u00f6opathisch aufbereitet unter anderem bei Husten und Schnupfen verordnet wird&#8230;."},"content":{"rendered":"<p><a href=\"http:\/\/www.kunstgalerie-barbara.de\/blog\/wp-content\/uploads\/2023\/03\/picasabackground-008.bmp.jpg\"><img loading=\"lazy\" decoding=\"async\" class=\"aligncenter  wp-image-23454\" src=\"http:\/\/www.kunstgalerie-barbara.de\/blog\/wp-content\/uploads\/2023\/03\/picasabackground-008.bmp.jpg\" alt=\"\" width=\"452\" height=\"339\" srcset=\"http:\/\/www.kunstgalerie-barbara.de\/blog\/wp-content\/uploads\/2023\/03\/picasabackground-008.bmp.jpg 1024w, http:\/\/www.kunstgalerie-barbara.de\/blog\/wp-content\/uploads\/2023\/03\/picasabackground-008.bmp-300x225.jpg 300w, http:\/\/www.kunstgalerie-barbara.de\/blog\/wp-content\/uploads\/2023\/03\/picasabackground-008.bmp-768x576.jpg 768w\" sizes=\"(max-width: 452px) 100vw, 452px\" \/><\/a><\/p>\n","protected":false},"excerpt":{"rendered":"","protected":false},"author":1,"featured_media":0,"comment_status":"open","ping_status":"open","sticky":false,"template":"","format":"standard","meta":{"footnotes":""},"categories":[3],"tags":[87,520,88,97,238,328,90,2045],"jetpack_featured_media_url":"","_links":{"self":[{"href":"http:\/\/www.kunstgalerie-barbara.de\/blog\/wp-json\/wp\/v2\/posts\/23453"}],"collection":[{"href":"http:\/\/www.kunstgalerie-barbara.de\/blog\/wp-json\/wp\/v2\/posts"}],"about":[{"href":"http:\/\/www.kunstgalerie-barbara.de\/blog\/wp-json\/wp\/v2\/types\/post"}],"author":[{"embeddable":true,"href":"http:\/\/www.kunstgalerie-barbara.de\/blog\/wp-json\/wp\/v2\/users\/1"}],"replies":[{"embeddable":true,"href":"http:\/\/www.kunstgalerie-barbara.de\/blog\/wp-json\/wp\/v2\/comments?post=23453"}],"version-history":[{"count":6,"href":"http:\/\/www.kunstgalerie-barbara.de\/blog\/wp-json\/wp\/v2\/posts\/23453\/revisions"}],"predecessor-version":[{"id":23460,"href":"http:\/\/www.kunstgalerie-barbara.de\/blog\/wp-json\/wp\/v2\/posts\/23453\/revisions\/23460"}],"wp:attachment":[{"href":"http:\/\/www.kunstgalerie-barbara.de\/blog\/wp-json\/wp\/v2\/media?parent=23453"}],"wp:term":[{"taxonomy":"category","embeddable":true,"href":"http:\/\/www.kunstgalerie-barbara.de\/blog\/wp-json\/wp\/v2\/categories?post=23453"},{"taxonomy":"post_tag","embeddable":true,"href":"http:\/\/www.kunstgalerie-barbara.de\/blog\/wp-json\/wp\/v2\/tags?post=23453"}],"curies":[{"name":"wp","href":"https:\/\/api.w.org\/{rel}","templated":true}]}}