{"id":23639,"date":"2023-06-18T05:27:57","date_gmt":"2023-06-18T03:27:57","guid":{"rendered":"http:\/\/www.kunstgalerie-barbara.de\/blog\/?p=23639"},"modified":"2023-06-22T16:53:54","modified_gmt":"2023-06-22T14:53:54","slug":"so-ein-gewitter-samt-ausgiebigem-regen-waere-mal-wieder-faellig-denn-nach-ueber-vier-wochen-regenfreie-zeit-duerstet-die-natur","status":"publish","type":"post","link":"http:\/\/www.kunstgalerie-barbara.de\/blog\/2023\/06\/so-ein-gewitter-samt-ausgiebigem-regen-waere-mal-wieder-faellig-denn-nach-ueber-vier-wochen-regenfreie-zeit-duerstet-die-natur\/","title":{"rendered":"Ein Gewitter samt ausgiebigem Regen w\u00e4re mal wieder f\u00e4llig, denn nach \u00fcber vier Wochen regenfreier Zeit d\u00fcrstet die Natur&#8230;"},"content":{"rendered":"<p><a href=\"http:\/\/www.kunstgalerie-barbara.de\/blog\/wp-content\/uploads\/2023\/06\/P1220301-scaled.jpg\"><img loading=\"lazy\" decoding=\"async\" class=\"aligncenter wp-image-23640\" src=\"http:\/\/www.kunstgalerie-barbara.de\/blog\/wp-content\/uploads\/2023\/06\/P1220301-1024x687.jpg\" alt=\"\" width=\"664\" height=\"446\" srcset=\"http:\/\/www.kunstgalerie-barbara.de\/blog\/wp-content\/uploads\/2023\/06\/P1220301-1024x687.jpg 1024w, http:\/\/www.kunstgalerie-barbara.de\/blog\/wp-content\/uploads\/2023\/06\/P1220301-300x201.jpg 300w, http:\/\/www.kunstgalerie-barbara.de\/blog\/wp-content\/uploads\/2023\/06\/P1220301-768x515.jpg 768w, http:\/\/www.kunstgalerie-barbara.de\/blog\/wp-content\/uploads\/2023\/06\/P1220301-1536x1030.jpg 1536w, http:\/\/www.kunstgalerie-barbara.de\/blog\/wp-content\/uploads\/2023\/06\/P1220301-2048x1373.jpg 2048w, http:\/\/www.kunstgalerie-barbara.de\/blog\/wp-content\/uploads\/2023\/06\/P1220301-1140x764.jpg 1140w\" sizes=\"(max-width: 664px) 100vw, 664px\" \/><\/a><\/p>\n","protected":false},"excerpt":{"rendered":"","protected":false},"author":1,"featured_media":0,"comment_status":"open","ping_status":"open","sticky":false,"template":"","format":"standard","meta":{"footnotes":""},"categories":[3,70,73,19,67,64],"tags":[94,87,1925,2076,1607,236,222,300,97,238,328,2077,722,724,359],"jetpack_featured_media_url":"","_links":{"self":[{"href":"http:\/\/www.kunstgalerie-barbara.de\/blog\/wp-json\/wp\/v2\/posts\/23639"}],"collection":[{"href":"http:\/\/www.kunstgalerie-barbara.de\/blog\/wp-json\/wp\/v2\/posts"}],"about":[{"href":"http:\/\/www.kunstgalerie-barbara.de\/blog\/wp-json\/wp\/v2\/types\/post"}],"author":[{"embeddable":true,"href":"http:\/\/www.kunstgalerie-barbara.de\/blog\/wp-json\/wp\/v2\/users\/1"}],"replies":[{"embeddable":true,"href":"http:\/\/www.kunstgalerie-barbara.de\/blog\/wp-json\/wp\/v2\/comments?post=23639"}],"version-history":[{"count":3,"href":"http:\/\/www.kunstgalerie-barbara.de\/blog\/wp-json\/wp\/v2\/posts\/23639\/revisions"}],"predecessor-version":[{"id":23663,"href":"http:\/\/www.kunstgalerie-barbara.de\/blog\/wp-json\/wp\/v2\/posts\/23639\/revisions\/23663"}],"wp:attachment":[{"href":"http:\/\/www.kunstgalerie-barbara.de\/blog\/wp-json\/wp\/v2\/media?parent=23639"}],"wp:term":[{"taxonomy":"category","embeddable":true,"href":"http:\/\/www.kunstgalerie-barbara.de\/blog\/wp-json\/wp\/v2\/categories?post=23639"},{"taxonomy":"post_tag","embeddable":true,"href":"http:\/\/www.kunstgalerie-barbara.de\/blog\/wp-json\/wp\/v2\/tags?post=23639"}],"curies":[{"name":"wp","href":"https:\/\/api.w.org\/{rel}","templated":true}]}}