{"id":23657,"date":"2023-06-22T03:29:52","date_gmt":"2023-06-22T01:29:52","guid":{"rendered":"http:\/\/www.kunstgalerie-barbara.de\/blog\/?p=23657"},"modified":"2023-06-22T03:33:18","modified_gmt":"2023-06-22T01:33:18","slug":"unterschreiben-sie-diese-petition-mit-einem-klick-wir-fordern-dass-die-islaendische-regierung-den-walfang-ein-fuer-alle-mal-verbietet-einem-bericht-der-islaendischen-lebensmittel-und-veterinaerbeh","status":"publish","type":"post","link":"http:\/\/www.kunstgalerie-barbara.de\/blog\/2023\/06\/unterschreiben-sie-diese-petition-mit-einem-klick-wir-fordern-dass-die-islaendische-regierung-den-walfang-ein-fuer-alle-mal-verbietet-einem-bericht-der-islaendischen-lebensmittel-und-veterinaerbeh\/","title":{"rendered":"Unterschreiben Sie diese Petition mit einem Klick Wir fordern, dass die isl\u00e4ndische Regierung den Walfang ein f\u00fcr alle Mal verbietet.  Einem Bericht der isl\u00e4ndischen Lebensmittel- und Veterin\u00e4rbeh\u00f6rde zufolge hat es bis zu zwei Stunden gedauert, bis Wale bei isl\u00e4ndischen Jagden starben.  Im vergangenen Jahr waren Tierschutzbeauftragte an Bord des Jagdschiffs der Walfanggesellschaft Hvalur ehf. und dokumentierten und filmten 58 der 148 Finnwale, die in dieser Saison get\u00f6tet wurden.  36 Wale (24 %) wurden mehr als einmal mit Sprengharpunen erschossen. Davon wurden f\u00fcnf Wale dreimal und vier Wale viermal geschossen.  Zum Vergleich: Das Nachladen einer Harpune, die ein sich schnell bewegendes Tier im Ozean mehr als einmal treffen muss, wenn sie nicht sofort t\u00f6tet, dauert etwa 8 Minuten.  Ein Wal mit einer Harpune im R\u00fccken wurde 5 Stunden lang erfolglos gejagt.  Die durchschnittliche Zeit vom ersten Schuss bis zum Tod der Wale, die nicht sofort starben, betrug 11,5 Minuten, und der qualvolle langsame Tod dauerte bis zu zwei Stunden.  Drei Wale wurden angeschossen, konnten aber nicht gefangen werden und k\u00e4mpften einen langen, qualvollen Tod.  Eine solche grausame Behandlung von Tieren ist inakzeptabel.  Wir fordern, dass die Walfanglizenz widerrufen wird und dass diese brutalen T\u00f6tungen ein f\u00fcr alle Mal eingestellt und verboten werden."},"content":{"rendered":"<table width=\"100%\">\n<tbody>\n<tr>\n<td><b><a href=\"https:\/\/click.e.change.org\/f\/a\/Lm5QQmx97_sUOdE4yb25zA~~\/AANj1QA~\/RgRmdXrwP4R9AWh0dHBzOi8vd3d3LmNoYW5nZS5vcmcvcC92ZXJiaWV0ZXQtZGVuLXdhbGZhbmctYXVmLWlzbGFuZC1wcmVzaWRlbnRpc2wvc2lnbi1ub3c_Y3NfdGs9QWhpTDhCS3NLcGM2QTIwd25HUUFBWGljeXl2TnlRRUFCRjhCdkZnMkRpMWhmYXRwYTBrYjNfTk9TZDglM0QmcHQ9QVZCbGRHbDBhVzl1QUxlVUtnSUFBQUFBWkpMMTRjMzBtU2t5Tm1JNFkyWXhaZyUyNTNEJTI1M0Qmc291cmNlX2xvY2F0aW9uPWFhX2F1Z21lbnRlZF9zaWduX2FzayZ1dG1fY2FtcGFpZ249YmIzZGE2Y2E0YzFmNDhjZGJkZmNjYWEwNjMyODlhY2QmdXRtX2NvbnRlbnQ9aW5pdGlhbF92MF8wXzQmdXRtX21lZGl1bT1lbWFpbCZ1dG1fc291cmNlPWFhX2F1Z21lbnRlZF9zaWduX2FzayZ1dG1fdGVybT1jc1cDc3BjQgpkkfP1kmTbClDeUh1iYXJiYXJhd2VuemVsd2ludGVyQGdtYWlsLmNvbVgEAAAAAg~~\"> Unterschreiben Sie diese Petition mit einem Klick <\/a><\/b><\/td>\n<\/tr>\n<\/tbody>\n<\/table>\n","protected":false},"excerpt":{"rendered":"<p>Unterschreiben Sie diese Petition mit einem Klick<\/p>\n","protected":false},"author":1,"featured_media":0,"comment_status":"open","ping_status":"open","sticky":false,"template":"","format":"standard","meta":{"footnotes":""},"categories":[3],"tags":[],"jetpack_featured_media_url":"","_links":{"self":[{"href":"http:\/\/www.kunstgalerie-barbara.de\/blog\/wp-json\/wp\/v2\/posts\/23657"}],"collection":[{"href":"http:\/\/www.kunstgalerie-barbara.de\/blog\/wp-json\/wp\/v2\/posts"}],"about":[{"href":"http:\/\/www.kunstgalerie-barbara.de\/blog\/wp-json\/wp\/v2\/types\/post"}],"author":[{"embeddable":true,"href":"http:\/\/www.kunstgalerie-barbara.de\/blog\/wp-json\/wp\/v2\/users\/1"}],"replies":[{"embeddable":true,"href":"http:\/\/www.kunstgalerie-barbara.de\/blog\/wp-json\/wp\/v2\/comments?post=23657"}],"version-history":[{"count":2,"href":"http:\/\/www.kunstgalerie-barbara.de\/blog\/wp-json\/wp\/v2\/posts\/23657\/revisions"}],"predecessor-version":[{"id":23659,"href":"http:\/\/www.kunstgalerie-barbara.de\/blog\/wp-json\/wp\/v2\/posts\/23657\/revisions\/23659"}],"wp:attachment":[{"href":"http:\/\/www.kunstgalerie-barbara.de\/blog\/wp-json\/wp\/v2\/media?parent=23657"}],"wp:term":[{"taxonomy":"category","embeddable":true,"href":"http:\/\/www.kunstgalerie-barbara.de\/blog\/wp-json\/wp\/v2\/categories?post=23657"},{"taxonomy":"post_tag","embeddable":true,"href":"http:\/\/www.kunstgalerie-barbara.de\/blog\/wp-json\/wp\/v2\/tags?post=23657"}],"curies":[{"name":"wp","href":"https:\/\/api.w.org\/{rel}","templated":true}]}}