{"id":24319,"date":"2026-08-31T06:13:36","date_gmt":"2026-08-31T04:13:36","guid":{"rendered":"http:\/\/www.kunstgalerie-barbara.de\/blog\/?p=24319"},"modified":"2026-08-31T06:14:32","modified_gmt":"2026-08-31T04:14:32","slug":"efeu-nuetzt-nicht-nur-den-baeumen-sondern-allen-die-in-und-vom-efeu-leben-zb-unseren-gartenvoegeln","status":"publish","type":"post","link":"http:\/\/www.kunstgalerie-barbara.de\/blog\/2026\/08\/efeu-nuetzt-nicht-nur-den-baeumen-sondern-allen-die-in-und-vom-efeu-leben-zb-unseren-gartenvoegeln\/","title":{"rendered":"Efeu n\u00fctzt nicht nur den B\u00e4umen, sondern allen, die in und vom Efeu leben zB. unseren Gartenv\u00f6geln&#8230;."},"content":{"rendered":"<p><iframe loading=\"lazy\" title=\"Efeu: Schadet es den B\u00e4umen?\" width=\"960\" height=\"540\" src=\"https:\/\/www.youtube.com\/embed\/O-E0E7f2pu0?feature=oembed\" frameborder=\"0\" allow=\"accelerometer; autoplay; clipboard-write; encrypted-media; gyroscope; picture-in-picture; web-share\" referrerpolicy=\"strict-origin-when-cross-origin\" allowfullscreen><\/iframe><\/p>\n","protected":false},"excerpt":{"rendered":"","protected":false},"author":1,"featured_media":0,"comment_status":"open","ping_status":"open","sticky":false,"template":"","format":"standard","meta":{"footnotes":""},"categories":[3,15,71,64],"tags":[253,94,393,97,135,210,206,98,100],"jetpack_featured_media_url":"","_links":{"self":[{"href":"http:\/\/www.kunstgalerie-barbara.de\/blog\/wp-json\/wp\/v2\/posts\/24319"}],"collection":[{"href":"http:\/\/www.kunstgalerie-barbara.de\/blog\/wp-json\/wp\/v2\/posts"}],"about":[{"href":"http:\/\/www.kunstgalerie-barbara.de\/blog\/wp-json\/wp\/v2\/types\/post"}],"author":[{"embeddable":true,"href":"http:\/\/www.kunstgalerie-barbara.de\/blog\/wp-json\/wp\/v2\/users\/1"}],"replies":[{"embeddable":true,"href":"http:\/\/www.kunstgalerie-barbara.de\/blog\/wp-json\/wp\/v2\/comments?post=24319"}],"version-history":[{"count":2,"href":"http:\/\/www.kunstgalerie-barbara.de\/blog\/wp-json\/wp\/v2\/posts\/24319\/revisions"}],"predecessor-version":[{"id":24321,"href":"http:\/\/www.kunstgalerie-barbara.de\/blog\/wp-json\/wp\/v2\/posts\/24319\/revisions\/24321"}],"wp:attachment":[{"href":"http:\/\/www.kunstgalerie-barbara.de\/blog\/wp-json\/wp\/v2\/media?parent=24319"}],"wp:term":[{"taxonomy":"category","embeddable":true,"href":"http:\/\/www.kunstgalerie-barbara.de\/blog\/wp-json\/wp\/v2\/categories?post=24319"},{"taxonomy":"post_tag","embeddable":true,"href":"http:\/\/www.kunstgalerie-barbara.de\/blog\/wp-json\/wp\/v2\/tags?post=24319"}],"curies":[{"name":"wp","href":"https:\/\/api.w.org\/{rel}","templated":true}]}}