{"id":3324,"date":"2023-06-03T05:01:23","date_gmt":"2023-06-03T03:01:23","guid":{"rendered":"http:\/\/www.kunstgalerie-barbara.de\/blog\/?p=3324"},"modified":"2023-06-04T09:59:58","modified_gmt":"2023-06-04T07:59:58","slug":"bruder-baum","status":"publish","type":"post","link":"http:\/\/www.kunstgalerie-barbara.de\/blog\/2023\/06\/bruder-baum\/","title":{"rendered":"Bruder Baum ist nur unwesentlich \u00e4lter als unsere Tochter Maxi, vermutlich z\u00e4hlt er 40-45 Jahre hat zwei St\u00e4mme und steht in unserem Garten nicht weit von unserem Haus entfernt.Wir erkl\u00e4rten unserer Tochter, als sie noch klein war, dies sei ihr \u00e4lterer Bruder, eben ihr Bruder Baum. Auch ihr f\u00fcnf Jahre j\u00fcngerer Bruder Benny erkannte den Bergahorn, als seinen \u00e4lteren Bruder an. Alle drei Kinder wuchsen und gediehen. Inzwischen ist der \u00e4ltere Bruder 15 Meter hoch, ein wenig gr\u00f6\u00dfer als der kleine Bruder Benny mit seinen fast 1,90 m."},"content":{"rendered":"<p style=\"text-align: center;\"><a href=\"http:\/\/www.kunstgalerie-barbara.de\/blog\/wp-content\/uploads\/2023\/06\/015-scaled.jpg\"><img loading=\"lazy\" decoding=\"async\" class=\"aligncenter wp-image-23561\" src=\"http:\/\/www.kunstgalerie-barbara.de\/blog\/wp-content\/uploads\/2023\/06\/015-1024x773.jpg\" alt=\"\" width=\"554\" height=\"419\" srcset=\"http:\/\/www.kunstgalerie-barbara.de\/blog\/wp-content\/uploads\/2023\/06\/015-1024x773.jpg 1024w, http:\/\/www.kunstgalerie-barbara.de\/blog\/wp-content\/uploads\/2023\/06\/015-300x226.jpg 300w, http:\/\/www.kunstgalerie-barbara.de\/blog\/wp-content\/uploads\/2023\/06\/015-768x580.jpg 768w, http:\/\/www.kunstgalerie-barbara.de\/blog\/wp-content\/uploads\/2023\/06\/015-1536x1159.jpg 1536w, http:\/\/www.kunstgalerie-barbara.de\/blog\/wp-content\/uploads\/2023\/06\/015-2048x1546.jpg 2048w, http:\/\/www.kunstgalerie-barbara.de\/blog\/wp-content\/uploads\/2023\/06\/015-1140x860.jpg 1140w\" sizes=\"(max-width: 554px) 100vw, 554px\" \/><\/a><\/p>\n<p style=\"text-align: center;\">&#8230;<!--more--><\/p>\n","protected":false},"excerpt":{"rendered":"<p>&#8230;<\/p>\n","protected":false},"author":1,"featured_media":0,"comment_status":"open","ping_status":"open","sticky":false,"template":"","format":"standard","meta":{"footnotes":""},"categories":[70,66,73,26,29,67],"tags":[253,2062,670,277,2063,196,135],"jetpack_featured_media_url":"","_links":{"self":[{"href":"http:\/\/www.kunstgalerie-barbara.de\/blog\/wp-json\/wp\/v2\/posts\/3324"}],"collection":[{"href":"http:\/\/www.kunstgalerie-barbara.de\/blog\/wp-json\/wp\/v2\/posts"}],"about":[{"href":"http:\/\/www.kunstgalerie-barbara.de\/blog\/wp-json\/wp\/v2\/types\/post"}],"author":[{"embeddable":true,"href":"http:\/\/www.kunstgalerie-barbara.de\/blog\/wp-json\/wp\/v2\/users\/1"}],"replies":[{"embeddable":true,"href":"http:\/\/www.kunstgalerie-barbara.de\/blog\/wp-json\/wp\/v2\/comments?post=3324"}],"version-history":[{"count":9,"href":"http:\/\/www.kunstgalerie-barbara.de\/blog\/wp-json\/wp\/v2\/posts\/3324\/revisions"}],"predecessor-version":[{"id":23567,"href":"http:\/\/www.kunstgalerie-barbara.de\/blog\/wp-json\/wp\/v2\/posts\/3324\/revisions\/23567"}],"wp:attachment":[{"href":"http:\/\/www.kunstgalerie-barbara.de\/blog\/wp-json\/wp\/v2\/media?parent=3324"}],"wp:term":[{"taxonomy":"category","embeddable":true,"href":"http:\/\/www.kunstgalerie-barbara.de\/blog\/wp-json\/wp\/v2\/categories?post=3324"},{"taxonomy":"post_tag","embeddable":true,"href":"http:\/\/www.kunstgalerie-barbara.de\/blog\/wp-json\/wp\/v2\/tags?post=3324"}],"curies":[{"name":"wp","href":"https:\/\/api.w.org\/{rel}","templated":true}]}}