{"id":3585,"date":"2009-10-28T09:45:24","date_gmt":"2009-10-28T08:45:24","guid":{"rendered":"http:\/\/www.kunstgalerie-barbara.de\/blog\/?p=3585"},"modified":"2009-10-28T09:47:00","modified_gmt":"2009-10-28T08:47:00","slug":"akkublitz","status":"publish","type":"post","link":"http:\/\/www.kunstgalerie-barbara.de\/blog\/2009\/10\/akkublitz\/","title":{"rendered":"Akkublitz"},"content":{"rendered":"<p>Wenn wir nicht jedes Wochenende in eine  teure M\u00c3\u00bcnzw\u00c3\u00a4scherei gehen wollten, musste eine Waschmaschine her. Aber woher eine Preiswerte nehmen und nicht stehlen. Mein Haushalt war gr\u00c3\u00b6\u00c3\u0178er geworden mit dem Einzug meines  Kotzbrockens in meine neue  Behausung und damit auch der Anfall an Schmutzw\u00c3\u00a4sche. Wie sollte ich die sauber bekommen? Nach Hause zu fahren , um die W\u00c3\u00a4sche bei Mutti waschen zu lassen war irgendwie mit einemal v\u00c3\u00b6llig  unter unserer W\u00c3\u00bcrde. Autark zu sein war wichtig. Was also tun?<!--more-->  Arno hatte ein Gesch\u00c3\u00a4ft nicht weit von uns entdeckt, das sich gro\u00c3\u0178kotzig Akkublitz nannte und gebrauchte, aufgem\u00c3\u00b6belte Waschmaschinen verkaufte. Wir gingen hin, suchten uns die Preiswerteste aus  und lie\u00c3\u0178en sie anliefern. Fest davon \u00c3\u00bcberzeugt ein  phantastisches Schn\u00c3\u00a4ppchen gemacht zu haben,  f\u00c3\u00bcllten wir unsere erste eigene Waschmaschine mit W\u00c3\u00a4sche und schmissen sie an.  Zun\u00c3\u00a4chst tat unsere gebrauchte Neuerwerbung auch das, was sie tun sollte, die Waschtrommel drehte sich brav. Als das Programm jedoch vom Waschen zum Schleudern \u00c3\u00bcberging, bockte das verdammte Ding pl\u00c3\u00b6tzlich.  Sie begann aus dem Stand wie verr\u00c3\u00bcckt zu tanzen und zu h\u00c3\u00bcpfen, bis sie schlie\u00c3\u0178lich mitten im Schleudergang mit einem letzten Seufzer und R\u00c3\u00bcttler den Geist aufgab und sich nicht mehr bewegte. Wir sa\u00c3\u0178en perplex und v\u00c3\u00b6llig ratlos vor der Verweigerer und starrten durch die runde Glas\u00c3\u00b6ffnung in ihr Inneres.  Was sollten wir tun? Wir nahmen schlie\u00c3\u0178lich die noch klatschnasse ungescheuderte W\u00c3\u00a4sche heraus, wrangen sie m\u00c3\u00bchselig per Hand aus, um sie dann noch viel zu feucht und tropfend nebenan auf den Trockenboden zu schleppen und sie auf eine W\u00c3\u00a4scheleine zu h\u00c3\u00a4ngen.<br \/>\nWas sollten wir mit diesem bockigen Mistvieh von Waschmaschine, das einer Eselin gleich, einfach seinen Dienst verweigerte, tun?<br \/>\nWir beschlossen todesmutig, zum Akkublitz, dem Verk\u00c3\u00a4ufer unserer Schlappgemachten zu gehen und zu reklamieren. Der jedoch machte uns eiskalt  und von oben herab mit undurchdringlicher Pokermine, darauf aufmerksam, dass wir eine gebrauchte  Maschine ohne Garantie erworben hatten. Bums, das sa\u00c3\u0178! Da standen wir nun mit der Zunge im Hals und ziemlich bedr\u00c3\u00b6ppelt in der Gegend herum.  Diese wichtige Tatsache war uns beiden in Sachen Waschmaschink\u00c3\u00a4ufen Unerfahrenen v\u00c3\u00b6llig entgangen\u00e2\u20ac\u00a6 Es blieb uns schlie\u00c3\u0178lich nichts weiter \u00c3\u00bcbrig, als uns eine andere funktionsf\u00c3\u00a4hige diesmal Neue mit Garantie zu kaufen, wenn wir saubere W\u00c3\u00a4sche bekommen wollten.<br \/>\nNun hatten wir zwei Maschinen, eine die nicht funktionierte und die wir nebenan auf dem Dachboden deponierten und eine, mit der wir unsere W\u00c3\u00a4sche wuschen.<\/p>\n","protected":false},"excerpt":{"rendered":"<p>Wenn wir nicht jedes Wochenende in eine teure M\u00c3\u00bcnzw\u00c3\u00a4scherei gehen wollten, musste eine Waschmaschine her. Aber woher eine Preiswerte nehmen und nicht stehlen. Mein Haushalt war gr\u00c3\u00b6\u00c3\u0178er geworden mit dem Einzug meines Kotzbrockens in meine neue Behausung und damit auch der Anfall an Schmutzw\u00c3\u00a4sche. Wie sollte ich die sauber bekommen? Nach Hause zu fahren , um die W\u00c3\u00a4sche bei Mutti waschen zu lassen war irgendwie mit einemal v\u00c3\u00b6llig unter unserer W\u00c3\u00bcrde. Autark zu sein war wichtig. Was also tun?<\/p>\n","protected":false},"author":1,"featured_media":0,"comment_status":"open","ping_status":"open","sticky":false,"template":"","format":"standard","meta":{"footnotes":""},"categories":[15],"tags":[],"jetpack_featured_media_url":"","_links":{"self":[{"href":"http:\/\/www.kunstgalerie-barbara.de\/blog\/wp-json\/wp\/v2\/posts\/3585"}],"collection":[{"href":"http:\/\/www.kunstgalerie-barbara.de\/blog\/wp-json\/wp\/v2\/posts"}],"about":[{"href":"http:\/\/www.kunstgalerie-barbara.de\/blog\/wp-json\/wp\/v2\/types\/post"}],"author":[{"embeddable":true,"href":"http:\/\/www.kunstgalerie-barbara.de\/blog\/wp-json\/wp\/v2\/users\/1"}],"replies":[{"embeddable":true,"href":"http:\/\/www.kunstgalerie-barbara.de\/blog\/wp-json\/wp\/v2\/comments?post=3585"}],"version-history":[{"count":1,"href":"http:\/\/www.kunstgalerie-barbara.de\/blog\/wp-json\/wp\/v2\/posts\/3585\/revisions"}],"predecessor-version":[{"id":3587,"href":"http:\/\/www.kunstgalerie-barbara.de\/blog\/wp-json\/wp\/v2\/posts\/3585\/revisions\/3587"}],"wp:attachment":[{"href":"http:\/\/www.kunstgalerie-barbara.de\/blog\/wp-json\/wp\/v2\/media?parent=3585"}],"wp:term":[{"taxonomy":"category","embeddable":true,"href":"http:\/\/www.kunstgalerie-barbara.de\/blog\/wp-json\/wp\/v2\/categories?post=3585"},{"taxonomy":"post_tag","embeddable":true,"href":"http:\/\/www.kunstgalerie-barbara.de\/blog\/wp-json\/wp\/v2\/tags?post=3585"}],"curies":[{"name":"wp","href":"https:\/\/api.w.org\/{rel}","templated":true}]}}