{"id":3912,"date":"2010-04-03T07:10:48","date_gmt":"2010-04-03T06:10:48","guid":{"rendered":"http:\/\/www.kunstgalerie-barbara.de\/blog\/?p=3912"},"modified":"2010-10-23T14:49:09","modified_gmt":"2010-10-23T13:49:09","slug":"osterzopf","status":"publish","type":"post","link":"http:\/\/www.kunstgalerie-barbara.de\/blog\/2010\/04\/osterzopf\/","title":{"rendered":"Karfreitagszopf&#8230;"},"content":{"rendered":"<p style=\"text-align: center;\">by Barbara Wenzel-Winter<a href=\"http:\/\/www.kunstgalerie-barbara.de\/blog\/wp-content\/uploads\/2010\/04\/P1010011.jpg\"><img loading=\"lazy\" decoding=\"async\" class=\"aligncenter size-full wp-image-3911\" title=\"P1010011\" src=\"http:\/\/www.kunstgalerie-barbara.de\/blog\/wp-content\/uploads\/2010\/04\/P1010011.jpg\" alt=\"\" width=\"286\" height=\"344\" \/><\/a> by Barbara Wenzel-Winter<br \/>\nund der geht so<!--more--><\/p>\n<p style=\"text-align: center;\"><em>Und so wird&#8217;s gemacht:<\/em><\/p>\n<p style=\"text-align: center;\"><em>400g Mehl 1050<br \/>\n100g Mehl Vollkorn<br \/>\nVanille nach Geschmack<br \/>\n2E\u00dfl. Honig<br \/>\n3E\u00dfl.Raps\u00f6l<br \/>\n2 handvoll Rosinen<br \/>\nZitonenaroma 2Tropfen<br \/>\n2 W\u00fcrfel Hefe<br \/>\n1Tasse lauwarmes Wasser<br \/>\n1Prise Salz<br \/>\n1 Ei zum bestreichen<br \/>\neine Packung geraspelte Mandeln<br \/>\nder Anteil an Vollkornmehl kann selbstverst\u00e4ndlich auch h\u00f6her sein.<\/em><\/p>\n<p style=\"text-align: left;\"><em>Alles zusammen in der K\u00fcchenmaschine verkneten. Dann den Teig gehen lassen, bis er sich verdoppelt hat. Teig noch einmal durchkneten. Dann in drei gleichgro\u00dfe St\u00fccken teilen zu, Str\u00e4ngen formen und mit ihnen einen Zopf flechten. Diesen mit geschlagenem Eigelb bestreichen und mit geraspeltern Mandeln bestreuen. Auf mittlerer Schiene und bei 190 Grad Umluft 40 Minuten backen. Voila!<\/em><\/p>\n","protected":false},"excerpt":{"rendered":"<p>by Barbara Wenzel-Winter by Barbara Wenzel-Winter und der geht so<\/p>\n","protected":false},"author":1,"featured_media":0,"comment_status":"open","ping_status":"open","sticky":false,"template":"","format":"standard","meta":{"footnotes":""},"categories":[27],"tags":[],"jetpack_featured_media_url":"","_links":{"self":[{"href":"http:\/\/www.kunstgalerie-barbara.de\/blog\/wp-json\/wp\/v2\/posts\/3912"}],"collection":[{"href":"http:\/\/www.kunstgalerie-barbara.de\/blog\/wp-json\/wp\/v2\/posts"}],"about":[{"href":"http:\/\/www.kunstgalerie-barbara.de\/blog\/wp-json\/wp\/v2\/types\/post"}],"author":[{"embeddable":true,"href":"http:\/\/www.kunstgalerie-barbara.de\/blog\/wp-json\/wp\/v2\/users\/1"}],"replies":[{"embeddable":true,"href":"http:\/\/www.kunstgalerie-barbara.de\/blog\/wp-json\/wp\/v2\/comments?post=3912"}],"version-history":[{"count":1,"href":"http:\/\/www.kunstgalerie-barbara.de\/blog\/wp-json\/wp\/v2\/posts\/3912\/revisions"}],"predecessor-version":[{"id":6185,"href":"http:\/\/www.kunstgalerie-barbara.de\/blog\/wp-json\/wp\/v2\/posts\/3912\/revisions\/6185"}],"wp:attachment":[{"href":"http:\/\/www.kunstgalerie-barbara.de\/blog\/wp-json\/wp\/v2\/media?parent=3912"}],"wp:term":[{"taxonomy":"category","embeddable":true,"href":"http:\/\/www.kunstgalerie-barbara.de\/blog\/wp-json\/wp\/v2\/categories?post=3912"},{"taxonomy":"post_tag","embeddable":true,"href":"http:\/\/www.kunstgalerie-barbara.de\/blog\/wp-json\/wp\/v2\/tags?post=3912"}],"curies":[{"name":"wp","href":"https:\/\/api.w.org\/{rel}","templated":true}]}}