{"id":3943,"date":"2010-04-06T04:42:56","date_gmt":"2010-04-06T03:42:56","guid":{"rendered":"http:\/\/www.kunstgalerie-barbara.de\/blog\/?p=3943"},"modified":"2010-04-12T07:40:19","modified_gmt":"2010-04-12T06:40:19","slug":"fruehling","status":"publish","type":"post","link":"http:\/\/www.kunstgalerie-barbara.de\/blog\/2010\/04\/fruehling\/","title":{"rendered":"Kniestr\u00fcmpfe"},"content":{"rendered":"<p>Meine Kindheit\u00a0 ist in meiner Erinnerung eng mit zwei Dingen verbunden. Ein unverwechselbarer Geruch nach frischer Erde, der von  ersten w\u00e4rmenden Sonnenstrahlen erhitzt in meine Nase drang, dem etwas penetranten Geruch nach verbrannten Gartenabf\u00e4llen und nat\u00fcrlich  Kniestr\u00fcmpfen.<!--more--><br \/>\nIn der leider viel zu kurzen Zeit, die ich in der Eifel verbrachte, pr\u00e4gten sich  mir diese Empfindungen tief ein.<br \/>\nAlles roch dort im Fr\u00fchling v\u00f6llig anders, die Misthaufen der Bauernh\u00f6fe  beispielsweise, die H\u00e4user selber, der von meiner Mutter umgegrabene Garten, in dessen Erdfurchen sich die freigelegten Regenw\u00fcrmer ringelten. Das Gras, die noch kahlen B\u00e4ume, der verfallene, W\u00e4rme und den Geruch von vermoderndem Holz  ausd\u00fcnstende Schuppen , einfach alles. Es atmete Neues und dies ganz besonders, wenn die Sonne schien.<br \/>\nDann regte sich sofort meine Phantasie. Was konnte man alles anfangen mit dem leicht angew\u00e4rmten Drau\u00dfen? Dem, was einem Kind so alles in dieser Zeit des wirtschaftlichen Mangels, daf\u00fcr  aber mit einem  \u00dcberfluss an Natur und Freiheit zur Verf\u00fcgung stand. Und mit diesen ersten w\u00e4rmenden Sonnenstrahlen kam dann auch prompt meine etwas leichtsinnige Frage:\u201c Mutti, bitte, bitte, bitte darf ich Kniestr\u00fcmpfe anziehen?\u201c<\/p>\n","protected":false},"excerpt":{"rendered":"<p>Meine Kindheit\u00a0 ist in meiner Erinnerung eng mit zwei Dingen verbunden. Ein unverwechselbarer Geruch nach frischer Erde, der von ersten w\u00e4rmenden Sonnenstrahlen erhitzt in meine Nase drang, dem etwas penetranten Geruch nach verbrannten Gartenabf\u00e4llen und nat\u00fcrlich Kniestr\u00fcmpfen.<\/p>\n","protected":false},"author":1,"featured_media":0,"comment_status":"open","ping_status":"open","sticky":false,"template":"","format":"standard","meta":{"footnotes":""},"categories":[19],"tags":[],"jetpack_featured_media_url":"","_links":{"self":[{"href":"http:\/\/www.kunstgalerie-barbara.de\/blog\/wp-json\/wp\/v2\/posts\/3943"}],"collection":[{"href":"http:\/\/www.kunstgalerie-barbara.de\/blog\/wp-json\/wp\/v2\/posts"}],"about":[{"href":"http:\/\/www.kunstgalerie-barbara.de\/blog\/wp-json\/wp\/v2\/types\/post"}],"author":[{"embeddable":true,"href":"http:\/\/www.kunstgalerie-barbara.de\/blog\/wp-json\/wp\/v2\/users\/1"}],"replies":[{"embeddable":true,"href":"http:\/\/www.kunstgalerie-barbara.de\/blog\/wp-json\/wp\/v2\/comments?post=3943"}],"version-history":[{"count":1,"href":"http:\/\/www.kunstgalerie-barbara.de\/blog\/wp-json\/wp\/v2\/posts\/3943\/revisions"}],"predecessor-version":[{"id":3998,"href":"http:\/\/www.kunstgalerie-barbara.de\/blog\/wp-json\/wp\/v2\/posts\/3943\/revisions\/3998"}],"wp:attachment":[{"href":"http:\/\/www.kunstgalerie-barbara.de\/blog\/wp-json\/wp\/v2\/media?parent=3943"}],"wp:term":[{"taxonomy":"category","embeddable":true,"href":"http:\/\/www.kunstgalerie-barbara.de\/blog\/wp-json\/wp\/v2\/categories?post=3943"},{"taxonomy":"post_tag","embeddable":true,"href":"http:\/\/www.kunstgalerie-barbara.de\/blog\/wp-json\/wp\/v2\/tags?post=3943"}],"curies":[{"name":"wp","href":"https:\/\/api.w.org\/{rel}","templated":true}]}}