{"id":3956,"date":"2010-04-06T08:36:42","date_gmt":"2010-04-06T07:36:42","guid":{"rendered":"http:\/\/www.kunstgalerie-barbara.de\/blog\/?p=3956"},"modified":"2010-04-12T07:41:08","modified_gmt":"2010-04-12T06:41:08","slug":"laesst-sein-buntes-band-flattern-durch-die-luefte","status":"publish","type":"post","link":"http:\/\/www.kunstgalerie-barbara.de\/blog\/2010\/04\/laesst-sein-buntes-band-flattern-durch-die-luefte\/","title":{"rendered":"&#8230;.l\u00e4\u00dft sein buntes Band flattern durch die L\u00fcfte&#8230;"},"content":{"rendered":"<p style=\"text-align: center;\"><a href=\"http:\/\/www.kunstgalerie-barbara.de\/blog\/wp-content\/uploads\/2010\/04\/P1010085.jpg\"><img loading=\"lazy\" decoding=\"async\" class=\"aligncenter size-full wp-image-3955\" title=\"P1010085\" src=\"http:\/\/www.kunstgalerie-barbara.de\/blog\/wp-content\/uploads\/2010\/04\/P1010085.jpg\" alt=\"\" width=\"346\" height=\"259\" \/><\/a>by Maxi Winter<\/p>\n<h2 style=\"text-align: center;\">Ganz Bremen ist wie jedes Fr\u00fchjahr ein Meer von Narzissen<\/h2>\n","protected":false},"excerpt":{"rendered":"<p>by Maxi Winter Ganz Bremen ist wie jedes Fr\u00fchjahr ein Meer von Narzissen<\/p>\n","protected":false},"author":1,"featured_media":0,"comment_status":"open","ping_status":"open","sticky":false,"template":"","format":"standard","meta":{"footnotes":""},"categories":[19],"tags":[],"jetpack_featured_media_url":"","_links":{"self":[{"href":"http:\/\/www.kunstgalerie-barbara.de\/blog\/wp-json\/wp\/v2\/posts\/3956"}],"collection":[{"href":"http:\/\/www.kunstgalerie-barbara.de\/blog\/wp-json\/wp\/v2\/posts"}],"about":[{"href":"http:\/\/www.kunstgalerie-barbara.de\/blog\/wp-json\/wp\/v2\/types\/post"}],"author":[{"embeddable":true,"href":"http:\/\/www.kunstgalerie-barbara.de\/blog\/wp-json\/wp\/v2\/users\/1"}],"replies":[{"embeddable":true,"href":"http:\/\/www.kunstgalerie-barbara.de\/blog\/wp-json\/wp\/v2\/comments?post=3956"}],"version-history":[{"count":1,"href":"http:\/\/www.kunstgalerie-barbara.de\/blog\/wp-json\/wp\/v2\/posts\/3956\/revisions"}],"predecessor-version":[{"id":3999,"href":"http:\/\/www.kunstgalerie-barbara.de\/blog\/wp-json\/wp\/v2\/posts\/3956\/revisions\/3999"}],"wp:attachment":[{"href":"http:\/\/www.kunstgalerie-barbara.de\/blog\/wp-json\/wp\/v2\/media?parent=3956"}],"wp:term":[{"taxonomy":"category","embeddable":true,"href":"http:\/\/www.kunstgalerie-barbara.de\/blog\/wp-json\/wp\/v2\/categories?post=3956"},{"taxonomy":"post_tag","embeddable":true,"href":"http:\/\/www.kunstgalerie-barbara.de\/blog\/wp-json\/wp\/v2\/tags?post=3956"}],"curies":[{"name":"wp","href":"https:\/\/api.w.org\/{rel}","templated":true}]}}