{"id":4017,"date":"2010-04-16T09:59:14","date_gmt":"2010-04-16T08:59:14","guid":{"rendered":"http:\/\/www.kunstgalerie-barbara.de\/blog\/?p=4017"},"modified":"2010-06-28T09:15:18","modified_gmt":"2010-06-28T08:15:18","slug":"unverhaeltnismaessigkeit-der-mittel-sind-es","status":"publish","type":"post","link":"http:\/\/www.kunstgalerie-barbara.de\/blog\/2010\/04\/unverhaeltnismaessigkeit-der-mittel-sind-es\/","title":{"rendered":"Ein b\u00fcschen bl\u00f6d sieht es aus\u2026"},"content":{"rendered":"<p>\u2026wenn ein Schweizer Fernsehmoderator wegen angeblicher Vergewaltigung monatelang festgesetzt wird,\u00a0 jedoch irgendein x-beliebiger Vergewaltiger, und davon gibt es nun wirklich genug,\u00a0 meist ohne Strafe ausgeht.<!--more--><br \/>\nUnsere Exekutive lauert auch nur irgendwie ungern wochenlang sogenannten \u201enormalen\u201c Vergewaltigern auf, anders eben im Fall Kachelmann. Warum auch immer?<br \/>\nWenn nun sexuell misshandelte Frauen ihre Hemmschwelle \u00fcberwinden und sich trauen diese \u00dcbergriffe zur Anzeige bringen, steht ihnen sehr oft immer noch eine hochnotpeinliche Befragung durch &#8220;m\u00e4nnliche&#8221; Polizeibeamte und Untersuchungsrichter bevor und diese beamteten Herren der Sch\u00f6pfung sind zu allem \u00dcbel dann auch noch meist auf Seiten des Delinquenten.<br \/>\nDa also Vergewaltigungen immer noch augenzwinkernd als Kavaliersdelikt abgehandelt werden, frage ich mich wohl zu recht, was im Fall Kachelmann schief gelaufen ist. Ist er gar doch oder die von ihm angeblich Maltr\u00e4tierte, auf weibliche Justizbeamte gesto\u00dfen oder will man hier nur ein Exempel statuieren und\u00a0 beweisen wie scharf unsere Justiz diese Art Vergehen\u00a0 ahndet?<br \/>\nWenn also unsere Justiz wirklich soviel Ergeiz auch in so genannten &#8220;normalen&#8221; F\u00e4llen dieser Art an den Tag legen w\u00fcrde, w\u00fcrden allein von diesen T\u00e4tern unsere Untersuchungsgef\u00e4ngnisse nur so \u00fcberquellen!<\/p>\n","protected":false},"excerpt":{"rendered":"<p>\u2026wenn ein Schweizer Fernsehmoderator wegen angeblicher Vergewaltigung monatelang festgesetzt wird,\u00a0 jedoch irgendein x-beliebiger Vergewaltiger, und davon gibt es nun wirklich genug,\u00a0 meist ohne Strafe ausgeht.<\/p>\n","protected":false},"author":1,"featured_media":0,"comment_status":"open","ping_status":"open","sticky":false,"template":"","format":"standard","meta":{"footnotes":""},"categories":[19],"tags":[],"jetpack_featured_media_url":"","_links":{"self":[{"href":"http:\/\/www.kunstgalerie-barbara.de\/blog\/wp-json\/wp\/v2\/posts\/4017"}],"collection":[{"href":"http:\/\/www.kunstgalerie-barbara.de\/blog\/wp-json\/wp\/v2\/posts"}],"about":[{"href":"http:\/\/www.kunstgalerie-barbara.de\/blog\/wp-json\/wp\/v2\/types\/post"}],"author":[{"embeddable":true,"href":"http:\/\/www.kunstgalerie-barbara.de\/blog\/wp-json\/wp\/v2\/users\/1"}],"replies":[{"embeddable":true,"href":"http:\/\/www.kunstgalerie-barbara.de\/blog\/wp-json\/wp\/v2\/comments?post=4017"}],"version-history":[{"count":1,"href":"http:\/\/www.kunstgalerie-barbara.de\/blog\/wp-json\/wp\/v2\/posts\/4017\/revisions"}],"predecessor-version":[{"id":4021,"href":"http:\/\/www.kunstgalerie-barbara.de\/blog\/wp-json\/wp\/v2\/posts\/4017\/revisions\/4021"}],"wp:attachment":[{"href":"http:\/\/www.kunstgalerie-barbara.de\/blog\/wp-json\/wp\/v2\/media?parent=4017"}],"wp:term":[{"taxonomy":"category","embeddable":true,"href":"http:\/\/www.kunstgalerie-barbara.de\/blog\/wp-json\/wp\/v2\/categories?post=4017"},{"taxonomy":"post_tag","embeddable":true,"href":"http:\/\/www.kunstgalerie-barbara.de\/blog\/wp-json\/wp\/v2\/tags?post=4017"}],"curies":[{"name":"wp","href":"https:\/\/api.w.org\/{rel}","templated":true}]}}