{"id":4077,"date":"2014-05-08T05:00:24","date_gmt":"2014-05-08T03:00:24","guid":{"rendered":"http:\/\/www.kunstgalerie-barbara.de\/blog\/?p=4077"},"modified":"2014-05-08T07:41:21","modified_gmt":"2014-05-08T05:41:21","slug":"spargelzeit","status":"publish","type":"post","link":"http:\/\/www.kunstgalerie-barbara.de\/blog\/2014\/05\/spargelzeit\/","title":{"rendered":"Spargelquiche&#8230;"},"content":{"rendered":"<p style=\"text-align: center;\"><a href=\"http:\/\/www.kunstgalerie-barbara.de\/blog\/wp-content\/uploads\/2010\/04\/P7250083.jpg\"><img loading=\"lazy\" decoding=\"async\" class=\"aligncenter size-full wp-image-4078\" title=\"P7250083\" alt=\"\" src=\"http:\/\/www.kunstgalerie-barbara.de\/blog\/wp-content\/uploads\/2010\/04\/P7250083.jpg\" width=\"430\" height=\"322\" srcset=\"http:\/\/www.kunstgalerie-barbara.de\/blog\/wp-content\/uploads\/2010\/04\/P7250083.jpg 1600w, http:\/\/www.kunstgalerie-barbara.de\/blog\/wp-content\/uploads\/2010\/04\/P7250083-300x225.jpg 300w, http:\/\/www.kunstgalerie-barbara.de\/blog\/wp-content\/uploads\/2010\/04\/P7250083-1024x768.jpg 1024w\" sizes=\"(max-width: 430px) 100vw, 430px\" \/><\/a>by Barbara Wenzel-Winter<br \/>\nSpargelquiche<\/p>\n<p style=\"text-align: center;\"><!--more--><\/p>\n<p style=\"text-align: center;\"><a href=\"http:\/\/www.kunstgalerie-barbara.de\/blog\/wp-content\/uploads\/2010\/04\/P7250077.jpg\"><img loading=\"lazy\" decoding=\"async\" class=\"aligncenter size-full wp-image-4085\" title=\"P7250077\" alt=\"\" src=\"http:\/\/www.kunstgalerie-barbara.de\/blog\/wp-content\/uploads\/2010\/04\/P7250077.jpg\" width=\"415\" height=\"311\" srcset=\"http:\/\/www.kunstgalerie-barbara.de\/blog\/wp-content\/uploads\/2010\/04\/P7250077.jpg 1600w, http:\/\/www.kunstgalerie-barbara.de\/blog\/wp-content\/uploads\/2010\/04\/P7250077-300x225.jpg 300w, http:\/\/www.kunstgalerie-barbara.de\/blog\/wp-content\/uploads\/2010\/04\/P7250077-1024x768.jpg 1024w\" sizes=\"(max-width: 415px) 100vw, 415px\" \/><\/a><\/p>\n<p style=\"text-align: center;\"><strong><em>F\u00fcr den Quark\u00f6lteig braucht Mann oder Frau:<\/em><\/strong><\/p>\n<p style=\"text-align: center;\"><strong><em>200 gr.\u00a0 Weizen-Mehl 1050<br \/>\ndazu 50 g Vollkornweizenmehl<br \/>\nein P\u00e4ckchen Backpulver<br \/>\nein Ei<br \/>\n250 g Quark oder auch weniger<br \/>\nund \u00d6l nach Belieben<br \/>\nIch nehme etwa 10 E\u00dfl. Raps\u00f6l, denn sein Geschmack ist unvergleichlich und pa\u00dft zu allem.<\/em><\/strong><\/p>\n<p style=\"text-align: center;\"><strong><em>F\u00fcr den Belag :<\/em><\/strong><\/p>\n<p style=\"text-align: center;\"><strong><em>Ein Kilo Spargel, ob gr\u00fcner oder wei\u00dfer ist egal<br \/>\nvier oder f\u00fcnf normalgro\u00dfe oder mehr Tomaten<\/em><\/strong><\/p>\n<p style=\"text-align: center;\"><strong><em>Nun alle Zutaten des Teiges miteinander verkneten. Wenn der Teig zu fest wird, ein wenig Wasser dazugeben und einarbeiten. Teig ausrollen und entweder auf ein Blech legen oder Pizzaform oder was auch immer. Der Belag, das Gem\u00fcse kann je nach Geschmack oder Vorliebe variieren. In diesem Fall waren es ein Kg gr\u00fcner Spargel und Tomaten. Wieviel davon ist auch Geschmacksache. Spargel\u00a0 klein schneiden, waschen und kurz vord\u00fcnsten. Dann Gem\u00fcse auf dem Teig verteilen. Nach Geschmack Pomodoristreifen \u00fcber dem Gem\u00fcse verteilen, gibt dem Ganzen einen pikanten Geschmack . Zum Schlu\u00df\u00a0 25o oder 500 g Joghurt, je nachdem wie gro\u00df die Quiche ist mit einem Ei und Gew\u00fcrzen,wie Kr\u00e4utersalz, frisch gemahlenem schwarzem Pfeffer und einem Teel\u00f6ffel Curry und last not but last einem\u00a0 kleinen Schu\u00df Raps\u00f6l verquirreln. Dies dann auf der Quiche verteilen. Mu\u00df nicht unbedingt sein, aber man kann auf alles noch kleingeschnittene Mozzarella tun und dann ab in den Backofen. Auf mittlerer Schiene die Quiche 40 min auf 200 \u00b0C backen und dann servieren.<\/em><\/strong><\/p>\n<p style=\"text-align: center;\"><strong><em>Na, dann Guten Appetit!<\/em><\/strong><\/p>\n<p style=\"text-align: center;\">\n","protected":false},"excerpt":{"rendered":"<p>by Barbara Wenzel-Winter Spargelquiche<\/p>\n","protected":false},"author":1,"featured_media":0,"comment_status":"open","ping_status":"open","sticky":false,"template":"","format":"standard","meta":{"footnotes":""},"categories":[27],"tags":[],"jetpack_featured_media_url":"","_links":{"self":[{"href":"http:\/\/www.kunstgalerie-barbara.de\/blog\/wp-json\/wp\/v2\/posts\/4077"}],"collection":[{"href":"http:\/\/www.kunstgalerie-barbara.de\/blog\/wp-json\/wp\/v2\/posts"}],"about":[{"href":"http:\/\/www.kunstgalerie-barbara.de\/blog\/wp-json\/wp\/v2\/types\/post"}],"author":[{"embeddable":true,"href":"http:\/\/www.kunstgalerie-barbara.de\/blog\/wp-json\/wp\/v2\/users\/1"}],"replies":[{"embeddable":true,"href":"http:\/\/www.kunstgalerie-barbara.de\/blog\/wp-json\/wp\/v2\/comments?post=4077"}],"version-history":[{"count":1,"href":"http:\/\/www.kunstgalerie-barbara.de\/blog\/wp-json\/wp\/v2\/posts\/4077\/revisions"}],"predecessor-version":[{"id":13984,"href":"http:\/\/www.kunstgalerie-barbara.de\/blog\/wp-json\/wp\/v2\/posts\/4077\/revisions\/13984"}],"wp:attachment":[{"href":"http:\/\/www.kunstgalerie-barbara.de\/blog\/wp-json\/wp\/v2\/media?parent=4077"}],"wp:term":[{"taxonomy":"category","embeddable":true,"href":"http:\/\/www.kunstgalerie-barbara.de\/blog\/wp-json\/wp\/v2\/categories?post=4077"},{"taxonomy":"post_tag","embeddable":true,"href":"http:\/\/www.kunstgalerie-barbara.de\/blog\/wp-json\/wp\/v2\/tags?post=4077"}],"curies":[{"name":"wp","href":"https:\/\/api.w.org\/{rel}","templated":true}]}}