{"id":4233,"date":"2010-05-09T07:20:15","date_gmt":"2010-05-09T06:20:15","guid":{"rendered":"http:\/\/www.kunstgalerie-barbara.de\/blog\/?p=4233"},"modified":"2010-05-09T08:36:55","modified_gmt":"2010-05-09T07:36:55","slug":"zwei-kleine-rotznasen","status":"publish","type":"post","link":"http:\/\/www.kunstgalerie-barbara.de\/blog\/2010\/05\/zwei-kleine-rotznasen\/","title":{"rendered":"Zwei kleine Rotznasen\u2026"},"content":{"rendered":"<p>\u2026 tapsten  ziemlich nervt\u00f6tend drauflos plappernd, woher auch immer kommend, neben mir her, als ich schwer beladen meinen Einkaufskorb nach Hause schleppte und eigentlich gar keinen anderen Gedanken aufbringen konnte, als meine schwere Last endlich loszuwerden.  Da sie sich offenbar nicht so leicht absch\u00fctteln lie\u00dfen, nahm ich die beiden, ein kleiner Junge und ein M\u00e4dchen von etwa drei oder vier Jahren <!--more-->erst mal mit nach Hause  um sie dort auszuhorchen, wie es kam, dass sie  ohne Mama oder Papa alleine durch die Gegend streunten. Beide, besonders  aber das kleine M\u00e4dchen,  waren sehr redselig, jedoch bekam ich nichts  \u00fcber das, was ich\u00a0 eigentlich von ihnen wissen wollte, heraus. Listig grinsten sie mich an, so als h\u00e4tten sie es faustdick hinter ihren kleinen Ohren. Auf die Frage, wo sie denn zu Hause seien, deuteten sie \u00e4u\u00dferst vage die Strasse hinunter. Ob ihre Mutti sie denn nicht vermissen w\u00fcrde, nein, im Brustton der \u00dcberzeugung sch\u00fcttelten sie ihre kleinen K\u00f6pfe. Meine beiden kleinen rotzverschmierten Engelchen schienen \u00fcberhaupt keine Eile zu haben, Zeit war f\u00fcr sie vermutlich noch kein Begriff. Sie geh\u00f6rten scheinbar nirgendwo hin und wurden auch von niemandem erwartet und sie kamen offenbar wunderbar auch ohne einen erwachsenen Aufpasser klar. Ich h\u00e4tte sie trotz allem gerne nach Hause gebracht, doch konnten oder wollten sie mir ihre Adresse nicht nennen. Unterdessen unterhielten sich beide mit mir, als seien Abstecher bei Wildfremden v\u00f6llig in Ordnung\u00a0 f\u00fcr sie, eben an der Tagesordnung. Inzwischen hatte ich meine Besucher mit Bonbons versorgt, in der Hoffnung dadurch ihr Ged\u00e4chtnis bez\u00fcglich ihrer Adresse etwas auffrischen zu k\u00f6nnen. Das P\u00e4rchen lutschte die S\u00fc\u00dfigkeiten hingebungsvoll, fast and\u00e4chtig, so, als h\u00e4tten sie nicht sehr oft Gelegenheit dazu.<br \/>\nAls ich schon glaubte, die beiden S\u00fc\u00dfen f\u00fcr den Rest meiner Tage auf dem Hals zu haben, schien sie pl\u00f6tzlich von einer Sekunde auf die andere die Erinnerung an ihr Zuhause zu streifen, denn sie behaupteten, nun gehen zu m\u00fcssen. Auf meine Frage, ob sie denn w\u00fcssten, wohin sie zu gehen h\u00e4tten, nickten sie inbr\u00fcnstig. Nun gut! Ich brachte sie vor die Haust\u00fcr und beide winkten mir noch einmal l\u00e4chelnd zu, bevor sie um die n\u00e4chste H\u00e4userecke verschwanden\u2026<\/p>\n","protected":false},"excerpt":{"rendered":"<p>\u2026 tapsten ziemlich nervt\u00f6tend drauflos plappernd, woher auch immer kommend, neben mir her, als ich schwer beladen meinen Einkaufskorb nach Hause schleppte und eigentlich gar keinen anderen Gedanken aufbringen konnte, als meine schwere Last endlich loszuwerden. Da sie sich offenbar nicht so leicht absch\u00fctteln lie\u00dfen, nahm ich die beiden, ein kleiner Junge und ein M\u00e4dchen von etwa drei oder vier Jahren<\/p>\n","protected":false},"author":1,"featured_media":0,"comment_status":"open","ping_status":"open","sticky":false,"template":"","format":"standard","meta":{"footnotes":""},"categories":[29],"tags":[],"jetpack_featured_media_url":"","_links":{"self":[{"href":"http:\/\/www.kunstgalerie-barbara.de\/blog\/wp-json\/wp\/v2\/posts\/4233"}],"collection":[{"href":"http:\/\/www.kunstgalerie-barbara.de\/blog\/wp-json\/wp\/v2\/posts"}],"about":[{"href":"http:\/\/www.kunstgalerie-barbara.de\/blog\/wp-json\/wp\/v2\/types\/post"}],"author":[{"embeddable":true,"href":"http:\/\/www.kunstgalerie-barbara.de\/blog\/wp-json\/wp\/v2\/users\/1"}],"replies":[{"embeddable":true,"href":"http:\/\/www.kunstgalerie-barbara.de\/blog\/wp-json\/wp\/v2\/comments?post=4233"}],"version-history":[{"count":1,"href":"http:\/\/www.kunstgalerie-barbara.de\/blog\/wp-json\/wp\/v2\/posts\/4233\/revisions"}],"predecessor-version":[{"id":4237,"href":"http:\/\/www.kunstgalerie-barbara.de\/blog\/wp-json\/wp\/v2\/posts\/4233\/revisions\/4237"}],"wp:attachment":[{"href":"http:\/\/www.kunstgalerie-barbara.de\/blog\/wp-json\/wp\/v2\/media?parent=4233"}],"wp:term":[{"taxonomy":"category","embeddable":true,"href":"http:\/\/www.kunstgalerie-barbara.de\/blog\/wp-json\/wp\/v2\/categories?post=4233"},{"taxonomy":"post_tag","embeddable":true,"href":"http:\/\/www.kunstgalerie-barbara.de\/blog\/wp-json\/wp\/v2\/tags?post=4233"}],"curies":[{"name":"wp","href":"https:\/\/api.w.org\/{rel}","templated":true}]}}