{"id":4269,"date":"2010-05-12T05:49:08","date_gmt":"2010-05-12T04:49:08","guid":{"rendered":"http:\/\/www.kunstgalerie-barbara.de\/blog\/?p=4269"},"modified":"2010-05-16T06:26:20","modified_gmt":"2010-05-16T05:26:20","slug":"wilder-muell","status":"publish","type":"post","link":"http:\/\/www.kunstgalerie-barbara.de\/blog\/2010\/05\/wilder-muell\/","title":{"rendered":"Wilden M\u00fcll&#8230;"},"content":{"rendered":"<p style=\"text-align: left;\"><a href=\"http:\/\/www.kunstgalerie-barbara.de\/blog\/wp-content\/uploads\/2010\/05\/P1010001-Kopie.jpg\"><img loading=\"lazy\" decoding=\"async\" class=\"size-full wp-image-4268 alignleft\" title=\"P1010001 Kopie\" src=\"http:\/\/www.kunstgalerie-barbara.de\/blog\/wp-content\/uploads\/2010\/05\/P1010001-Kopie.jpg\" alt=\"\" width=\"400\" height=\"300\" srcset=\"http:\/\/www.kunstgalerie-barbara.de\/blog\/wp-content\/uploads\/2010\/05\/P1010001-Kopie.jpg 400w, http:\/\/www.kunstgalerie-barbara.de\/blog\/wp-content\/uploads\/2010\/05\/P1010001-Kopie-300x225.jpg 300w\" sizes=\"(max-width: 400px) 100vw, 400px\" \/><\/a>&#8230;dieser Art sieht man zum Gl\u00fcck nicht sehr h\u00e4ufig. Es scheint so, als h\u00e4tte sich ein Zeitgenosse ein Freiluftbad mit ausrangiertem Waschbecken und Klo errichtet. Dies Mahnmal der Asozialit\u00e4t fand ich gegen\u00fcber des Eingangs zu einem kleinen W\u00e4ldchen und jeder Spazierg\u00e4nger mu\u00df, ob er will oder nicht, dies Kunstwerk bewundern. Inzwischen beginnen\u00a0 Brennesseln\u00a0\u00a0 dies Arrangement zu \u00fcberwuchern. Es bekommt dadurch ungewollt etwas Wildromantisches! Jedoch frage ich mich ernsthaft, ob dem Hersteller dieses Objekts,\u00a0 Natur allein zu langweilig erscheint, dass er glaubt, sie mit Haushaltsm\u00fcll aufwerten zu m\u00fcssen?<\/p>\n<p style=\"text-align: left;\">\n<p style=\"text-align: left;\">\n<p style=\"text-align: left;\"><a href=\"http:\/\/www.kunstgalerie-barbara.de\/blog\/wp-content\/uploads\/2010\/05\/P1010004-Kopie.jpg\"><\/a><a href=\"http:\/\/www.kunstgalerie-barbara.de\/blog\/wp-content\/uploads\/2010\/05\/P1010010-Kopie.jpg\"><img loading=\"lazy\" decoding=\"async\" class=\"aligncenter size-full wp-image-4304\" title=\"P1010010 Kopie\" src=\"http:\/\/www.kunstgalerie-barbara.de\/blog\/wp-content\/uploads\/2010\/05\/P1010010-Kopie.jpg\" alt=\"\" width=\"400\" height=\"300\" srcset=\"http:\/\/www.kunstgalerie-barbara.de\/blog\/wp-content\/uploads\/2010\/05\/P1010010-Kopie.jpg 400w, http:\/\/www.kunstgalerie-barbara.de\/blog\/wp-content\/uploads\/2010\/05\/P1010010-Kopie-300x225.jpg 300w\" sizes=\"(max-width: 400px) 100vw, 400px\" \/><\/a>by Barbara Wenzel-Winter<\/p>\n","protected":false},"excerpt":{"rendered":"<p>&#8230;dieser Art sieht man zum Gl\u00fcck nicht sehr h\u00e4ufig. Es scheint so, als h\u00e4tte sich ein Zeitgenosse ein Freiluftbad mit ausrangiertem Waschbecken und Klo errichtet. Dies Mahnmal der Asozialit\u00e4t fand ich gegen\u00fcber des Eingangs zu einem kleinen W\u00e4ldchen und jeder Spazierg\u00e4nger mu\u00df, ob er will oder nicht, dies Kunstwerk bewundern. Inzwischen beginnen\u00a0 Brennesseln\u00a0\u00a0 dies Arrangement zu \u00fcberwuchern. Es bekommt dadurch ungewollt etwas Wildromantisches! Jedoch frage ich mich ernsthaft, ob dem Hersteller dieses Objekts,\u00a0 Natur allein zu langweilig erscheint, dass er glaubt, sie mit Haushaltsm\u00fcll aufwerten zu m\u00fcssen? by Barbara Wenzel-Winter<\/p>\n","protected":false},"author":1,"featured_media":0,"comment_status":"open","ping_status":"open","sticky":false,"template":"","format":"standard","meta":{"footnotes":""},"categories":[22],"tags":[],"jetpack_featured_media_url":"","_links":{"self":[{"href":"http:\/\/www.kunstgalerie-barbara.de\/blog\/wp-json\/wp\/v2\/posts\/4269"}],"collection":[{"href":"http:\/\/www.kunstgalerie-barbara.de\/blog\/wp-json\/wp\/v2\/posts"}],"about":[{"href":"http:\/\/www.kunstgalerie-barbara.de\/blog\/wp-json\/wp\/v2\/types\/post"}],"author":[{"embeddable":true,"href":"http:\/\/www.kunstgalerie-barbara.de\/blog\/wp-json\/wp\/v2\/users\/1"}],"replies":[{"embeddable":true,"href":"http:\/\/www.kunstgalerie-barbara.de\/blog\/wp-json\/wp\/v2\/comments?post=4269"}],"version-history":[{"count":1,"href":"http:\/\/www.kunstgalerie-barbara.de\/blog\/wp-json\/wp\/v2\/posts\/4269\/revisions"}],"predecessor-version":[{"id":4343,"href":"http:\/\/www.kunstgalerie-barbara.de\/blog\/wp-json\/wp\/v2\/posts\/4269\/revisions\/4343"}],"wp:attachment":[{"href":"http:\/\/www.kunstgalerie-barbara.de\/blog\/wp-json\/wp\/v2\/media?parent=4269"}],"wp:term":[{"taxonomy":"category","embeddable":true,"href":"http:\/\/www.kunstgalerie-barbara.de\/blog\/wp-json\/wp\/v2\/categories?post=4269"},{"taxonomy":"post_tag","embeddable":true,"href":"http:\/\/www.kunstgalerie-barbara.de\/blog\/wp-json\/wp\/v2\/tags?post=4269"}],"curies":[{"name":"wp","href":"https:\/\/api.w.org\/{rel}","templated":true}]}}