{"id":4308,"date":"2010-05-14T09:12:22","date_gmt":"2010-05-14T08:12:22","guid":{"rendered":"http:\/\/www.kunstgalerie-barbara.de\/blog\/?p=4308"},"modified":"2010-05-14T09:29:57","modified_gmt":"2010-05-14T08:29:57","slug":"weinbergschneckenwandertag","status":"publish","type":"post","link":"http:\/\/www.kunstgalerie-barbara.de\/blog\/2010\/05\/weinbergschneckenwandertag\/","title":{"rendered":"Weinbergschneckenwandertag&#8230;"},"content":{"rendered":"<p style=\"text-align: center;\"><a href=\"http:\/\/www.kunstgalerie-barbara.de\/blog\/wp-content\/uploads\/2010\/05\/P1010049-Kopie.jpg\"><img loading=\"lazy\" decoding=\"async\" class=\"aligncenter size-full wp-image-4307\" title=\"P1010049 Kopie\" src=\"http:\/\/www.kunstgalerie-barbara.de\/blog\/wp-content\/uploads\/2010\/05\/P1010049-Kopie.jpg\" alt=\"\" width=\"400\" height=\"533\" srcset=\"http:\/\/www.kunstgalerie-barbara.de\/blog\/wp-content\/uploads\/2010\/05\/P1010049-Kopie.jpg 400w, http:\/\/www.kunstgalerie-barbara.de\/blog\/wp-content\/uploads\/2010\/05\/P1010049-Kopie-225x300.jpg 225w\" sizes=\"(max-width: 400px) 100vw, 400px\" \/><\/a>&#8230;oder Schnecke meets Schnecke!<br \/>\nNicht nur Kr\u00f6ten wandern im Fr\u00fchjahr,wenn&#8217;s sch\u00f6n feucht ist,\u00a0 anscheinend auch Schnecken! An diesem Tag waren viele unterwegs. Zum G\u00fcck am Stra\u00dfenrand entlang.<\/p>\n<p style=\"text-align: center;\">\n<p style=\"text-align: center;\">\n<p style=\"text-align: center;\">\n","protected":false},"excerpt":{"rendered":"<p>&#8230;oder Schnecke meets Schnecke! Nicht nur Kr\u00f6ten wandern im Fr\u00fchjahr,wenn&#8217;s sch\u00f6n feucht ist,\u00a0 anscheinend auch Schnecken! An diesem Tag waren viele unterwegs. Zum G\u00fcck am Stra\u00dfenrand entlang.<\/p>\n","protected":false},"author":1,"featured_media":0,"comment_status":"open","ping_status":"open","sticky":false,"template":"","format":"standard","meta":{"footnotes":""},"categories":[22],"tags":[],"jetpack_featured_media_url":"","_links":{"self":[{"href":"http:\/\/www.kunstgalerie-barbara.de\/blog\/wp-json\/wp\/v2\/posts\/4308"}],"collection":[{"href":"http:\/\/www.kunstgalerie-barbara.de\/blog\/wp-json\/wp\/v2\/posts"}],"about":[{"href":"http:\/\/www.kunstgalerie-barbara.de\/blog\/wp-json\/wp\/v2\/types\/post"}],"author":[{"embeddable":true,"href":"http:\/\/www.kunstgalerie-barbara.de\/blog\/wp-json\/wp\/v2\/users\/1"}],"replies":[{"embeddable":true,"href":"http:\/\/www.kunstgalerie-barbara.de\/blog\/wp-json\/wp\/v2\/comments?post=4308"}],"version-history":[{"count":1,"href":"http:\/\/www.kunstgalerie-barbara.de\/blog\/wp-json\/wp\/v2\/posts\/4308\/revisions"}],"predecessor-version":[{"id":4314,"href":"http:\/\/www.kunstgalerie-barbara.de\/blog\/wp-json\/wp\/v2\/posts\/4308\/revisions\/4314"}],"wp:attachment":[{"href":"http:\/\/www.kunstgalerie-barbara.de\/blog\/wp-json\/wp\/v2\/media?parent=4308"}],"wp:term":[{"taxonomy":"category","embeddable":true,"href":"http:\/\/www.kunstgalerie-barbara.de\/blog\/wp-json\/wp\/v2\/categories?post=4308"},{"taxonomy":"post_tag","embeddable":true,"href":"http:\/\/www.kunstgalerie-barbara.de\/blog\/wp-json\/wp\/v2\/tags?post=4308"}],"curies":[{"name":"wp","href":"https:\/\/api.w.org\/{rel}","templated":true}]}}