{"id":4324,"date":"2010-05-15T07:21:17","date_gmt":"2010-05-15T06:21:17","guid":{"rendered":"http:\/\/www.kunstgalerie-barbara.de\/blog\/?p=4324"},"modified":"2010-05-17T06:09:18","modified_gmt":"2010-05-17T05:09:18","slug":"was-tun","status":"publish","type":"post","link":"http:\/\/www.kunstgalerie-barbara.de\/blog\/2010\/05\/was-tun\/","title":{"rendered":"Was tun&#8230;"},"content":{"rendered":"<p style=\"text-align: center;\">&#8230;wenn etwas im Gulli verschwunden ist und Kind es wieder haben will?<\/p>\n<p style=\"text-align: center;\">Scheint ganz einfach f\u00fcr F\u00fcnf oder Sechsj\u00e4hrige zu sein!<\/p>\n<p style=\"text-align: center;\">Man wuchtet den Gullideckel raus und ber\u00e4t erst einmal, was weiter zu tun ist.<\/p>\n<p style=\"text-align: center;\"><a href=\"http:\/\/www.kunstgalerie-barbara.de\/blog\/wp-content\/uploads\/2010\/05\/P1010010-Kopie1.jpg\"><img loading=\"lazy\" decoding=\"async\" class=\"aligncenter size-full wp-image-4325\" title=\"P1010010 Kopie\" src=\"http:\/\/www.kunstgalerie-barbara.de\/blog\/wp-content\/uploads\/2010\/05\/P1010010-Kopie1.jpg\" alt=\"\" width=\"400\" height=\"533\" srcset=\"http:\/\/www.kunstgalerie-barbara.de\/blog\/wp-content\/uploads\/2010\/05\/P1010010-Kopie1.jpg 400w, http:\/\/www.kunstgalerie-barbara.de\/blog\/wp-content\/uploads\/2010\/05\/P1010010-Kopie1-225x300.jpg 225w\" sizes=\"(max-width: 400px) 100vw, 400px\" \/><\/a><\/p>\n<p style=\"text-align: center;\">Dann in den Gulli steigen und versuchen das verschwundene Teil zu finden.<a href=\"http:\/\/www.kunstgalerie-barbara.de\/blog\/wp-content\/uploads\/2010\/05\/P1010007-Kopie1.jpg\"><img loading=\"lazy\" decoding=\"async\" class=\"aligncenter size-full wp-image-4327\" title=\"P1010007 Kopie\" src=\"http:\/\/www.kunstgalerie-barbara.de\/blog\/wp-content\/uploads\/2010\/05\/P1010007-Kopie1.jpg\" alt=\"\" width=\"400\" height=\"300\" srcset=\"http:\/\/www.kunstgalerie-barbara.de\/blog\/wp-content\/uploads\/2010\/05\/P1010007-Kopie1.jpg 400w, http:\/\/www.kunstgalerie-barbara.de\/blog\/wp-content\/uploads\/2010\/05\/P1010007-Kopie1-300x225.jpg 300w\" sizes=\"(max-width: 400px) 100vw, 400px\" \/><\/a><\/p>\n<p style=\"text-align: center;\"><a href=\"http:\/\/www.kunstgalerie-barbara.de\/blog\/wp-content\/uploads\/2010\/05\/P1010007-Kopie1.jpg\"><\/a>Und wenn man das Teil doch nicht rausgekriegt, also besser noch mal Kriegsrat halten!<\/p>\n<p style=\"text-align: center;\"><a href=\"http:\/\/www.kunstgalerie-barbara.de\/blog\/wp-content\/uploads\/2010\/05\/P1010011-Kopie.jpg\"><img loading=\"lazy\" decoding=\"async\" class=\"aligncenter size-full wp-image-4328\" title=\"P1010011 Kopie\" src=\"http:\/\/www.kunstgalerie-barbara.de\/blog\/wp-content\/uploads\/2010\/05\/P1010011-Kopie.jpg\" alt=\"\" width=\"400\" height=\"533\" srcset=\"http:\/\/www.kunstgalerie-barbara.de\/blog\/wp-content\/uploads\/2010\/05\/P1010011-Kopie.jpg 400w, http:\/\/www.kunstgalerie-barbara.de\/blog\/wp-content\/uploads\/2010\/05\/P1010011-Kopie-225x300.jpg 225w\" sizes=\"(max-width: 400px) 100vw, 400px\" \/><\/a><\/p>\n<p style=\"text-align: center;\">\u00a9 2010 Barbara Wenzel-Winter<\/p>\n","protected":false},"excerpt":{"rendered":"<p>&#8230;wenn etwas im Gulli verschwunden ist und Kind es wieder haben will? Scheint ganz einfach f\u00fcr F\u00fcnf oder Sechsj\u00e4hrige zu sein! Man wuchtet den Gullideckel raus und ber\u00e4t erst einmal, was weiter zu tun ist. Dann in den Gulli steigen und versuchen das verschwundene Teil zu finden. Und wenn man das Teil doch nicht rausgekriegt, also besser noch mal Kriegsrat halten! \u00a9 2010 Barbara Wenzel-Winter<\/p>\n","protected":false},"author":1,"featured_media":0,"comment_status":"open","ping_status":"open","sticky":false,"template":"","format":"standard","meta":{"footnotes":""},"categories":[29],"tags":[],"jetpack_featured_media_url":"","_links":{"self":[{"href":"http:\/\/www.kunstgalerie-barbara.de\/blog\/wp-json\/wp\/v2\/posts\/4324"}],"collection":[{"href":"http:\/\/www.kunstgalerie-barbara.de\/blog\/wp-json\/wp\/v2\/posts"}],"about":[{"href":"http:\/\/www.kunstgalerie-barbara.de\/blog\/wp-json\/wp\/v2\/types\/post"}],"author":[{"embeddable":true,"href":"http:\/\/www.kunstgalerie-barbara.de\/blog\/wp-json\/wp\/v2\/users\/1"}],"replies":[{"embeddable":true,"href":"http:\/\/www.kunstgalerie-barbara.de\/blog\/wp-json\/wp\/v2\/comments?post=4324"}],"version-history":[{"count":1,"href":"http:\/\/www.kunstgalerie-barbara.de\/blog\/wp-json\/wp\/v2\/posts\/4324\/revisions"}],"predecessor-version":[{"id":4348,"href":"http:\/\/www.kunstgalerie-barbara.de\/blog\/wp-json\/wp\/v2\/posts\/4324\/revisions\/4348"}],"wp:attachment":[{"href":"http:\/\/www.kunstgalerie-barbara.de\/blog\/wp-json\/wp\/v2\/media?parent=4324"}],"wp:term":[{"taxonomy":"category","embeddable":true,"href":"http:\/\/www.kunstgalerie-barbara.de\/blog\/wp-json\/wp\/v2\/categories?post=4324"},{"taxonomy":"post_tag","embeddable":true,"href":"http:\/\/www.kunstgalerie-barbara.de\/blog\/wp-json\/wp\/v2\/tags?post=4324"}],"curies":[{"name":"wp","href":"https:\/\/api.w.org\/{rel}","templated":true}]}}