{"id":4357,"date":"2010-05-19T08:13:41","date_gmt":"2010-05-19T07:13:41","guid":{"rendered":"http:\/\/www.kunstgalerie-barbara.de\/blog\/?p=4357"},"modified":"2010-05-19T08:22:32","modified_gmt":"2010-05-19T07:22:32","slug":"heftige-probleme-mit-ihren-beinen","status":"publish","type":"post","link":"http:\/\/www.kunstgalerie-barbara.de\/blog\/2010\/05\/heftige-probleme-mit-ihren-beinen\/","title":{"rendered":"Heftige Probleme mit ihren Beinen\u2026"},"content":{"rendered":"<figure id=\"attachment_4359\" aria-describedby=\"caption-attachment-4359\" style=\"width: 225px\" class=\"wp-caption alignleft\"><a href=\"http:\/\/www.kunstgalerie-barbara.de\/blog\/wp-content\/uploads\/2010\/05\/Fahrrad-Ampel_20241476originallarge-3-4-800-0-222-1712-2498.jpg\"><img loading=\"lazy\" decoding=\"async\" class=\"size-medium wp-image-4359\" title=\"Fahrrad-Ampel_20241476originallarge-3-4-800-0-222-1712-2498\" src=\"http:\/\/www.kunstgalerie-barbara.de\/blog\/wp-content\/uploads\/2010\/05\/Fahrrad-Ampel_20241476originallarge-3-4-800-0-222-1712-2498-225x300.jpg\" alt=\"\" width=\"225\" height=\"300\" srcset=\"http:\/\/www.kunstgalerie-barbara.de\/blog\/wp-content\/uploads\/2010\/05\/Fahrrad-Ampel_20241476originallarge-3-4-800-0-222-1712-2498-225x300.jpg 225w, http:\/\/www.kunstgalerie-barbara.de\/blog\/wp-content\/uploads\/2010\/05\/Fahrrad-Ampel_20241476originallarge-3-4-800-0-222-1712-2498.jpg 601w\" sizes=\"(max-width: 225px) 100vw, 225px\" \/><\/a><figcaption id=\"caption-attachment-4359\" class=\"wp-caption-text\">\u00a9 dpa<\/figcaption><\/figure>\n<p>&#8230;scheinen heute &#8216;ne ganze Menge Fahrradfahrer zu haben. Um nichts auf der Welt, steigen diese lieben Mitmenschen von ihrem Drahtesel ab. Wird ihnen die Weiterfahrt durch eine rote Ampel verwehrt, klammern sie sich wie Ertrinkende an den Ampelmast oder ignorieren ganz das Stopsignal und fahren durch. Zu langsame Verkehrsteilnehmer werden ganz einfach mit Sturmgeklingel oder w\u00fcstem Beschimpfen beiseite gefegt. Ich frage mich tats\u00e4chlich, wie diese, mit ihrem Rad Verwachsenen es schaffen, letztendlich  wieder mit ihren Beinen auf den Boden zu kommen? Es muss sie eine unmenschliche \u00dcberwindung kosten.<\/p>\n<h4>Link: <a href=\"http:\/\/http:\/\/www.n24.de\/news\/newsitem_4809646.html\" target=\"_blank\">Radfahrern drohen bei Verst\u00f6\u00dfen h\u00f6here Strafen<\/a><\/h4>\n","protected":false},"excerpt":{"rendered":"<p>&#8230;scheinen heute &#8216;ne ganze Menge Fahrradfahrer zu haben. Um nichts auf der Welt, steigen diese lieben Mitmenschen von ihrem Drahtesel ab. Wird ihnen die Weiterfahrt durch eine rote Ampel verwehrt, klammern sie sich wie Ertrinkende an den Ampelmast oder ignorieren ganz das Stopsignal und fahren durch. Zu langsame Verkehrsteilnehmer werden ganz einfach mit Sturmgeklingel oder w\u00fcstem Beschimpfen beiseite gefegt. Ich frage mich tats\u00e4chlich, wie diese, mit ihrem Rad Verwachsenen es schaffen, letztendlich wieder mit ihren Beinen auf den Boden zu kommen? Es muss sie eine unmenschliche \u00dcberwindung kosten. Link: Radfahrern drohen bei Verst\u00f6\u00dfen h\u00f6here Strafen<\/p>\n","protected":false},"author":1,"featured_media":0,"comment_status":"open","ping_status":"open","sticky":false,"template":"","format":"standard","meta":{"footnotes":""},"categories":[19],"tags":[],"jetpack_featured_media_url":"","_links":{"self":[{"href":"http:\/\/www.kunstgalerie-barbara.de\/blog\/wp-json\/wp\/v2\/posts\/4357"}],"collection":[{"href":"http:\/\/www.kunstgalerie-barbara.de\/blog\/wp-json\/wp\/v2\/posts"}],"about":[{"href":"http:\/\/www.kunstgalerie-barbara.de\/blog\/wp-json\/wp\/v2\/types\/post"}],"author":[{"embeddable":true,"href":"http:\/\/www.kunstgalerie-barbara.de\/blog\/wp-json\/wp\/v2\/users\/1"}],"replies":[{"embeddable":true,"href":"http:\/\/www.kunstgalerie-barbara.de\/blog\/wp-json\/wp\/v2\/comments?post=4357"}],"version-history":[{"count":1,"href":"http:\/\/www.kunstgalerie-barbara.de\/blog\/wp-json\/wp\/v2\/posts\/4357\/revisions"}],"predecessor-version":[{"id":4361,"href":"http:\/\/www.kunstgalerie-barbara.de\/blog\/wp-json\/wp\/v2\/posts\/4357\/revisions\/4361"}],"wp:attachment":[{"href":"http:\/\/www.kunstgalerie-barbara.de\/blog\/wp-json\/wp\/v2\/media?parent=4357"}],"wp:term":[{"taxonomy":"category","embeddable":true,"href":"http:\/\/www.kunstgalerie-barbara.de\/blog\/wp-json\/wp\/v2\/categories?post=4357"},{"taxonomy":"post_tag","embeddable":true,"href":"http:\/\/www.kunstgalerie-barbara.de\/blog\/wp-json\/wp\/v2\/tags?post=4357"}],"curies":[{"name":"wp","href":"https:\/\/api.w.org\/{rel}","templated":true}]}}