{"id":6236,"date":"2010-11-12T09:08:18","date_gmt":"2010-11-12T08:08:18","guid":{"rendered":"http:\/\/www.kunstgalerie-barbara.de\/blog\/?p=6236"},"modified":"2010-11-12T09:08:18","modified_gmt":"2010-11-12T08:08:18","slug":"zwiebelkuchen","status":"publish","type":"post","link":"http:\/\/www.kunstgalerie-barbara.de\/blog\/2010\/11\/zwiebelkuchen\/","title":{"rendered":"Zwiebelkuchen&#8230;"},"content":{"rendered":"<p style=\"text-align: center;\"><a href=\"http:\/\/www.kunstgalerie-barbara.de\/blog\/wp-content\/uploads\/2010\/10\/P1010006.jpg\"><img loading=\"lazy\" decoding=\"async\" class=\"aligncenter size-full wp-image-6237\" title=\"P1010006\" src=\"http:\/\/www.kunstgalerie-barbara.de\/blog\/wp-content\/uploads\/2010\/10\/P1010006.jpg\" alt=\"\" width=\"302\" height=\"403\" \/><\/a>by barbara wenzel-winter<br \/>\nGeht ganz einfach:<!--more--><\/p>\n<div>\n<div>\n<p style=\"text-align: center;\">200 g\u00a0 Weizen-Mehl 1050<br \/>\ndazu 50 g Vollkornweizenmehl oder 1oo g Weizen-Mehl 1050<br \/>\nein P\u00e4ckchen Backpulver<br \/>\nein Ei<br \/>\n250 g Quark<br \/>\nSalz\u00a0 nach Geschmack<br \/>\nund \u00d6l nach Belieben,ich nehme etwa 10 E\u00dfl. Raps\u00f6l, denn sein Geschmack\u00a0 pa\u00dft zu allem.<br \/>\nNun alle Zutaten verkneten, womit ist v\u00f6llig egal. Wenn der Teig zu fest ist, ein wenig Wasser dazugeben und einarbeiten.<br \/>\nTeig ausrollen und entweder auf ein Blech  legen oder Pizzaform oder was auch immer.<br \/>\nDrei Gem\u00fcsezwiebeln sch\u00e4len und in Ringe schneiden und in einer Pfanne\u00a0 kurz mit etwas Wasserund zusammen\u00a0 mit einem E\u00dfl. K\u00fcmmel and\u00fcnsten.<br \/>\nGed\u00fcnstete Zwiebelringe auf dem ausgerollten Teig verteilen und zwei E\u00dfl.gem\u00f6rserten Koriander darauf verteilen. Aus 500g Joghurt zwei Eiern einem guten Schu\u00df \u00d6l, Kr\u00e4utersalz und\u00a0 schwarzem Pfeffer aus der M\u00fchle einen Gu\u00df zubereiten. Den dann \u00fcber Zwiebelringe und Teig gie\u00dfen und\u00a0 ab damit in den Backofen. Bei 200\u00b0 Umluft 40min. backen.<\/p>\n<p style=\"text-align: center;\">Guten Appetit!<\/p>\n<p><a href=\"http:\/\/creativecommons.org\/licenses\/by-nc-nd\/3.0\"><\/a><\/p>\n<\/div>\n<\/div>\n","protected":false},"excerpt":{"rendered":"<p>by barbara wenzel-winter Geht ganz einfach:<\/p>\n","protected":false},"author":1,"featured_media":0,"comment_status":"open","ping_status":"open","sticky":false,"template":"","format":"standard","meta":{"footnotes":""},"categories":[27],"tags":[],"jetpack_featured_media_url":"","_links":{"self":[{"href":"http:\/\/www.kunstgalerie-barbara.de\/blog\/wp-json\/wp\/v2\/posts\/6236"}],"collection":[{"href":"http:\/\/www.kunstgalerie-barbara.de\/blog\/wp-json\/wp\/v2\/posts"}],"about":[{"href":"http:\/\/www.kunstgalerie-barbara.de\/blog\/wp-json\/wp\/v2\/types\/post"}],"author":[{"embeddable":true,"href":"http:\/\/www.kunstgalerie-barbara.de\/blog\/wp-json\/wp\/v2\/users\/1"}],"replies":[{"embeddable":true,"href":"http:\/\/www.kunstgalerie-barbara.de\/blog\/wp-json\/wp\/v2\/comments?post=6236"}],"version-history":[{"count":1,"href":"http:\/\/www.kunstgalerie-barbara.de\/blog\/wp-json\/wp\/v2\/posts\/6236\/revisions"}],"predecessor-version":[{"id":6474,"href":"http:\/\/www.kunstgalerie-barbara.de\/blog\/wp-json\/wp\/v2\/posts\/6236\/revisions\/6474"}],"wp:attachment":[{"href":"http:\/\/www.kunstgalerie-barbara.de\/blog\/wp-json\/wp\/v2\/media?parent=6236"}],"wp:term":[{"taxonomy":"category","embeddable":true,"href":"http:\/\/www.kunstgalerie-barbara.de\/blog\/wp-json\/wp\/v2\/categories?post=6236"},{"taxonomy":"post_tag","embeddable":true,"href":"http:\/\/www.kunstgalerie-barbara.de\/blog\/wp-json\/wp\/v2\/tags?post=6236"}],"curies":[{"name":"wp","href":"https:\/\/api.w.org\/{rel}","templated":true}]}}