{"id":6672,"date":"2010-12-06T15:43:55","date_gmt":"2010-12-06T14:43:55","guid":{"rendered":"http:\/\/www.kunstgalerie-barbara.de\/blog\/?p=6672"},"modified":"2010-12-15T07:15:53","modified_gmt":"2010-12-15T06:15:53","slug":"haben-wir-saure-gurken-zeit","status":"publish","type":"post","link":"http:\/\/www.kunstgalerie-barbara.de\/blog\/2010\/12\/haben-wir-saure-gurken-zeit\/","title":{"rendered":"Haben wir Saure-Gurken-Zeit&#8230;"},"content":{"rendered":"<p>&#8230;dass\u00a0 WikiLeaks Enth\u00fcllungen,die bez\u00fcglich unserer europ\u00e4ischen Politiker an Trivialit\u00e4t und Oberfl\u00e4chlichkeit Ihresgleichen suchen, f\u00fcr derartiges Aufsehen sorgen?<\/p>\n","protected":false},"excerpt":{"rendered":"<p>&#8230;dass\u00a0 WikiLeaks Enth\u00fcllungen,die bez\u00fcglich unserer europ\u00e4ischen Politiker an Trivialit\u00e4t und Oberfl\u00e4chlichkeit Ihresgleichen suchen, f\u00fcr derartiges Aufsehen sorgen?<\/p>\n","protected":false},"author":1,"featured_media":0,"comment_status":"open","ping_status":"open","sticky":false,"template":"","format":"standard","meta":{"footnotes":""},"categories":[42],"tags":[],"jetpack_featured_media_url":"","_links":{"self":[{"href":"http:\/\/www.kunstgalerie-barbara.de\/blog\/wp-json\/wp\/v2\/posts\/6672"}],"collection":[{"href":"http:\/\/www.kunstgalerie-barbara.de\/blog\/wp-json\/wp\/v2\/posts"}],"about":[{"href":"http:\/\/www.kunstgalerie-barbara.de\/blog\/wp-json\/wp\/v2\/types\/post"}],"author":[{"embeddable":true,"href":"http:\/\/www.kunstgalerie-barbara.de\/blog\/wp-json\/wp\/v2\/users\/1"}],"replies":[{"embeddable":true,"href":"http:\/\/www.kunstgalerie-barbara.de\/blog\/wp-json\/wp\/v2\/comments?post=6672"}],"version-history":[{"count":1,"href":"http:\/\/www.kunstgalerie-barbara.de\/blog\/wp-json\/wp\/v2\/posts\/6672\/revisions"}],"predecessor-version":[{"id":6768,"href":"http:\/\/www.kunstgalerie-barbara.de\/blog\/wp-json\/wp\/v2\/posts\/6672\/revisions\/6768"}],"wp:attachment":[{"href":"http:\/\/www.kunstgalerie-barbara.de\/blog\/wp-json\/wp\/v2\/media?parent=6672"}],"wp:term":[{"taxonomy":"category","embeddable":true,"href":"http:\/\/www.kunstgalerie-barbara.de\/blog\/wp-json\/wp\/v2\/categories?post=6672"},{"taxonomy":"post_tag","embeddable":true,"href":"http:\/\/www.kunstgalerie-barbara.de\/blog\/wp-json\/wp\/v2\/tags?post=6672"}],"curies":[{"name":"wp","href":"https:\/\/api.w.org\/{rel}","templated":true}]}}