{"id":6690,"date":"2010-12-12T09:53:41","date_gmt":"2010-12-12T08:53:41","guid":{"rendered":"http:\/\/www.kunstgalerie-barbara.de\/blog\/?p=6690"},"modified":"2010-12-13T04:32:37","modified_gmt":"2010-12-13T03:32:37","slug":"verschnupftes-weihnachten","status":"publish","type":"post","link":"http:\/\/www.kunstgalerie-barbara.de\/blog\/2010\/12\/verschnupftes-weihnachten\/","title":{"rendered":"Verschnupftes Weihnachten&#8230;"},"content":{"rendered":"<p><!--[if !mso]>\n<mce:style><!  v\\:* {behavior:url(#default#VML);} o\\:* {behavior:url(#default#VML);} w\\:* {behavior:url(#default#VML);} .shape {behavior:url(#default#VML);} --><\/p>\n<p><!--[endif]--><!--[if gte mso 9]><xml> <w:WordDocument> <w:View>Normal<\/w:View> <w:Zoom>0<\/w:Zoom> <w:HyphenationZone>21<\/w:HyphenationZone> <w:PunctuationKerning \/> <w:ValidateAgainstSchemas \/> <w:SaveIfXMLInvalid>false<\/w:SaveIfXMLInvalid> <w:IgnoreMixedContent>false<\/w:IgnoreMixedContent> <w:AlwaysShowPlaceholderText>false<\/w:AlwaysShowPlaceholderText> <w:Compatibility> <w:BreakWrappedTables \/> <w:SnapToGridInCell \/> <w:WrapTextWithPunct \/> <w:UseAsianBreakRules \/> <w:DontGrowAutofit \/> <\/w:Compatibility> <w:BrowserLevel>MicrosoftInternetExplorer4<\/w:BrowserLevel> <\/w:WordDocument> <\/xml><![endif]--><!--[if gte mso 9]><xml> <w:LatentStyles DefLockedState=\"false\" LatentStyleCount=\"156\"> <\/w:LatentStyles> <\/xml><![endif]--><!--[if gte mso 10]>\n<mce:style><!   \/* Style Definitions *\/  table.MsoNormalTable \t{mso-style-name:\"Normale Tabelle\"; \tmso-tstyle-rowband-size:0; \tmso-tstyle-colband-size:0; \tmso-style-noshow:yes; \tmso-style-parent:\"\"; \tmso-padding-alt:0cm 5.4pt 0cm 5.4pt; \tmso-para-margin:0cm; \tmso-para-margin-bottom:.0001pt; \tmso-pagination:widow-orphan; \tfont-size:10.0pt; \tfont-family:\"Times New Roman\"; \tmso-ansi-language:#0400; \tmso-fareast-language:#0400; \tmso-bidi-language:#0400;} --><\/p>\n<p><!--[endif]--><\/p>\n<p class=\"MsoNormal\">Mitleid heischend sa\u00df er da,\u00a0 zusammengesunken und mit seinen ger\u00f6teten bluthund\u00e4hnlichen Augen blinzelnd. In jedem seiner Nasenl\u00f6cher steckte der Zipfel eines gro\u00dfen karierten Taschentuches. Wie zwei karierten Fahnen gleich, baumelten sie vor der Brust des &#8220;Ach so Leidenden&#8221;.<!--more--> Mit Weihnachtseink\u00e4ufen schwer bepackt war ich\u00a0 nach Hause gekommen und wollte mich gerade \u00fcber unseren winzigen Zweipersonenweihnachtsbaum hermachen, um ihn mit Selbstbebasteltem zu schm\u00fccken, da fiel mein Blick auf meinen seinerzeit noch nicht Angetrauten, der einen Tag vor Weihnachten\u00a0 wirklich keine sehr gute Figur abgab.<br \/>\nMir war inzwischen hinl\u00e4nglich bekannt, dass M\u00e4nner auch den simpelsten Schnupfen in ein unvergleichliches Drama verwandeln, doch das, was sich mir jetzt bot, \u00fcbertraf alles bisher erlebte.<br \/>\nEtwas genervt fragte ich ihn, zu was diese wohl ganz leicht \u00fcbertriebene Aufmachung\u00a0 gut sein sollte.\u00a0 Schniefend und nicht unbedingt gut verst\u00e4ndlich, kam es hinter den Taschent\u00fcchern hervor, er brauche etwas, um den Strom seiner laufenden Nase\u00a0 dort zu stoppen, wo er entstand, um nicht gezwungen zu sein, st\u00e4ndig\u00a0 zu schnauben. Sein Blick heischte etwas zu viel Mitleid, f\u00fcr meinen Geschmack. So komisch und skurril wirkte diese Theatralik, dass ich nicht anders konnte, als in schallendes Gel\u00e4chter auszubrechen, welches er mit einem vernichtenden\u00a0 Blick quittierte.<br \/>\nSo sehr diese Jammergestalt auch zum Lachen reizte, so wenig war mir tats\u00e4chlich zum Lachen zumute, wenn ich an das bevorstehende Weihnachtsfest dachte, mit diesem Schnupfenmonster an meiner Seite.<\/p>\n","protected":false},"excerpt":{"rendered":"<p>Mitleid heischend sa\u00df er da,\u00a0 zusammengesunken und mit seinen ger\u00f6teten bluthund\u00e4hnlichen Augen blinzelnd. In jedem seiner Nasenl\u00f6cher steckte der Zipfel eines gro\u00dfen karierten Taschentuches. Wie zwei karierten Fahnen gleich, baumelten sie vor der Brust des &#8220;Ach so Leidenden&#8221;.<\/p>\n","protected":false},"author":1,"featured_media":0,"comment_status":"open","ping_status":"open","sticky":false,"template":"","format":"standard","meta":{"footnotes":""},"categories":[15],"tags":[],"jetpack_featured_media_url":"","_links":{"self":[{"href":"http:\/\/www.kunstgalerie-barbara.de\/blog\/wp-json\/wp\/v2\/posts\/6690"}],"collection":[{"href":"http:\/\/www.kunstgalerie-barbara.de\/blog\/wp-json\/wp\/v2\/posts"}],"about":[{"href":"http:\/\/www.kunstgalerie-barbara.de\/blog\/wp-json\/wp\/v2\/types\/post"}],"author":[{"embeddable":true,"href":"http:\/\/www.kunstgalerie-barbara.de\/blog\/wp-json\/wp\/v2\/users\/1"}],"replies":[{"embeddable":true,"href":"http:\/\/www.kunstgalerie-barbara.de\/blog\/wp-json\/wp\/v2\/comments?post=6690"}],"version-history":[{"count":1,"href":"http:\/\/www.kunstgalerie-barbara.de\/blog\/wp-json\/wp\/v2\/posts\/6690\/revisions"}],"predecessor-version":[{"id":6727,"href":"http:\/\/www.kunstgalerie-barbara.de\/blog\/wp-json\/wp\/v2\/posts\/6690\/revisions\/6727"}],"wp:attachment":[{"href":"http:\/\/www.kunstgalerie-barbara.de\/blog\/wp-json\/wp\/v2\/media?parent=6690"}],"wp:term":[{"taxonomy":"category","embeddable":true,"href":"http:\/\/www.kunstgalerie-barbara.de\/blog\/wp-json\/wp\/v2\/categories?post=6690"},{"taxonomy":"post_tag","embeddable":true,"href":"http:\/\/www.kunstgalerie-barbara.de\/blog\/wp-json\/wp\/v2\/tags?post=6690"}],"curies":[{"name":"wp","href":"https:\/\/api.w.org\/{rel}","templated":true}]}}