{"id":6805,"date":"2010-12-18T05:44:56","date_gmt":"2010-12-18T04:44:56","guid":{"rendered":"http:\/\/www.kunstgalerie-barbara.de\/blog\/?p=6805"},"modified":"2010-12-19T05:21:14","modified_gmt":"2010-12-19T04:21:14","slug":"mikadau","status":"publish","type":"post","link":"http:\/\/www.kunstgalerie-barbara.de\/blog\/2010\/12\/mikadau\/","title":{"rendered":"Wer oder was konnte dieses verdammte  Mikadau sein?"},"content":{"rendered":"<p>Wir glaubten uns verh\u00f6rt zu haben, unsere Einj\u00e4hrige hatte tats\u00e4chlich gesprochen! Aber was war dieses, was wir da geh\u00f6rt hatten? Zun\u00e4chst waren wir ratlos. War es vielleicht eine Zusammenziehung von Maxi-Maus? Getauft war unsere Erstgeborene auf den \u00fcberaus schlichten Namen Maxi. Das Maus bekam sie ziemlich bald als Anh\u00e4ngsel hintendran. Mein Angetrauter und ich einigten uns\u00a0 schlie\u00dflich darauf\u00a0 eine ungew\u00f6hnliche Version von Micky-Maus. <!--more-->Da wir von unseren beiden Spr\u00f6sslingen weder Mama, Mutti, Pappi wie es bei  unseren Altvorderen Usus gewesen war, genannt werden wollten, entfiel  dies\u00a0 Mam, Mam, Mam-Pa-Pa-Gebrabbele. B\u00e4rbel ist f\u00fcr einen  Sprachunge\u00fcbten nicht so leicht zu artikulieren. Aus Arno konnte man  jedoch ein zungenfreundliches Amma machen, was beide, erst Maxi und  sp\u00e4ter Benny\u00a0 undere beiden Kinder dann auch taten. Das erste  verstehbare Wort unserer \u00c4ltesten jedoch war eben dieses dubiose Mikadau.<br \/>\nAls unsere Tochter mehr als nur dies eine Wort drauf hatte, h\u00f6rte sie nicht mehr auf zu braseln. Ihr Mundwerk ging den ganzen Tag unaufh\u00f6rlich und ihr Sprachstrom versiegte lediglich, wenn sie schlief. Zum Gl\u00fcck!<br \/>\nBesonders gerne textete sie uns voll, wenn sie bei l\u00e4ngeren Fahrten hinter uns in ihrem Kindersitz in unserem Auto sa\u00df. Wir mussten uns dann ganze <em>Opern <\/em>anh\u00f6ren, von denen wir nicht wirklich viel verstanden, denn vom Satzbau hatte unsere Tochter noch nicht viel Ahnung und von den meisten landl\u00e4ufigen deutschen W\u00f6rtern genauso wenig. Im Grunde hatte sie eine neue Sprache erfunden, die Maxi-Sprache, die sich zwar im weitesten Sinn wie Deutsch anh\u00f6rte, aber doch eine neue,\u00a0 ganz eigenst\u00e4ndige war.<br \/>\nAls das, was sie von sich gab, schon mehr zum Verstehbaren tendierte, bekamen alle W\u00f6rter mit Bl am Anfang statt des L einfach ein R und aus Bluse und Blume wurde so Bruse und Brume. Sie wollte es so, man konnte nichts machen, denn selbst, als ich sie darauf hinwies, dass es anders hie\u00df, blieb sie dabei.<br \/>\nKurz bevor Maxi ihr zweites Lebensjahr vollendete,kurz vor Weihnachten, schneite es. Es war ihr erster bewusster Schnee. Sie stand eingemummelt in unserem \u00a0Garten, streckte ihre \u00c4rmchen gen Himmel und rief verz\u00fcckt: <em>&#8220;Kr\u00fcmetze\u00a0 alles Kr\u00fcmetze&#8221;, <\/em>denn sie war vermutlich der Annahme wei\u00dfe Brot-oder- ich- wei\u00df- nicht-was -f\u00fcr-Kr\u00fcmel k\u00e4men auf sie herabgesegelt!<\/p>\n","protected":false},"excerpt":{"rendered":"<p>Wir glaubten uns verh\u00f6rt zu haben, unsere Einj\u00e4hrige hatte tats\u00e4chlich gesprochen! Aber was war dieses, was wir da geh\u00f6rt hatten? Zun\u00e4chst waren wir ratlos. War es vielleicht eine Zusammenziehung von Maxi-Maus? Getauft war unsere Erstgeborene auf den \u00fcberaus schlichten Namen Maxi. Das Maus bekam sie ziemlich bald als Anh\u00e4ngsel hintendran. Mein Angetrauter und ich einigten uns\u00a0 schlie\u00dflich darauf\u00a0 eine ungew\u00f6hnliche Version von Micky-Maus.<\/p>\n","protected":false},"author":1,"featured_media":0,"comment_status":"open","ping_status":"open","sticky":false,"template":"","format":"standard","meta":{"footnotes":""},"categories":[29],"tags":[],"jetpack_featured_media_url":"","_links":{"self":[{"href":"http:\/\/www.kunstgalerie-barbara.de\/blog\/wp-json\/wp\/v2\/posts\/6805"}],"collection":[{"href":"http:\/\/www.kunstgalerie-barbara.de\/blog\/wp-json\/wp\/v2\/posts"}],"about":[{"href":"http:\/\/www.kunstgalerie-barbara.de\/blog\/wp-json\/wp\/v2\/types\/post"}],"author":[{"embeddable":true,"href":"http:\/\/www.kunstgalerie-barbara.de\/blog\/wp-json\/wp\/v2\/users\/1"}],"replies":[{"embeddable":true,"href":"http:\/\/www.kunstgalerie-barbara.de\/blog\/wp-json\/wp\/v2\/comments?post=6805"}],"version-history":[{"count":1,"href":"http:\/\/www.kunstgalerie-barbara.de\/blog\/wp-json\/wp\/v2\/posts\/6805\/revisions"}],"predecessor-version":[{"id":6822,"href":"http:\/\/www.kunstgalerie-barbara.de\/blog\/wp-json\/wp\/v2\/posts\/6805\/revisions\/6822"}],"wp:attachment":[{"href":"http:\/\/www.kunstgalerie-barbara.de\/blog\/wp-json\/wp\/v2\/media?parent=6805"}],"wp:term":[{"taxonomy":"category","embeddable":true,"href":"http:\/\/www.kunstgalerie-barbara.de\/blog\/wp-json\/wp\/v2\/categories?post=6805"},{"taxonomy":"post_tag","embeddable":true,"href":"http:\/\/www.kunstgalerie-barbara.de\/blog\/wp-json\/wp\/v2\/tags?post=6805"}],"curies":[{"name":"wp","href":"https:\/\/api.w.org\/{rel}","templated":true}]}}