{"id":6898,"date":"2010-12-24T06:29:01","date_gmt":"2010-12-24T05:29:01","guid":{"rendered":"http:\/\/www.kunstgalerie-barbara.de\/blog\/?p=6898"},"modified":"2010-12-24T06:29:34","modified_gmt":"2010-12-24T05:29:34","slug":"heiligabend-im-hafen-2","status":"publish","type":"post","link":"http:\/\/www.kunstgalerie-barbara.de\/blog\/2010\/12\/heiligabend-im-hafen-2\/","title":{"rendered":"Heiligabend  im Hafen"},"content":{"rendered":"<p><em> <\/em><\/p>\n<p><em> <\/em><\/p>\n<p>Es war mein erster eigener Selbsterstandener und mir darum so wichtig. Zum Schm\u00fccken hatte ich nichts, au\u00dfer einer kurzen Lichterkette mit aufrecht stehenden Kerzen, die f\u00fcr die schwachen Zweige viel zu gro\u00df und schwer erschienen. Ich h\u00e4tte ohnedies nichts Konventuelles wie Kugeln und Lametta\u00e4hnliches akzeptiert. Mein B\u00e4umchen und mein Weihnachten sollten so nat\u00fcrlich, wie m\u00f6glich sein, eben anders.<!--more-->Was tun am Heiligabend ohne Sentimentalit\u00e4t aufkommen zu lassen? Arno und ich beschlossen am Sp\u00e4tnachmittag\u00a0 eine Spazierfahrt durch den Bremer Europahafen zu machen. Es dunkelte schon, als wir das Auto in der N\u00e4he des Zollamts parkten und uns entschlossen spazieren zu gehen. Als wir den Wagen verlie\u00dfen, merkten wir das Sturm aufgekommen war. Wir hatten M\u00fche uns auf den Beinen zu halten, marschierten jedoch trotz allem tapfer weiter am Pier entlang unter den Kr\u00e4nen und an Arbeitern vorbei, die ungeachtet des Heiligen Abends ein Frachtschiff aus Ru\u00dfland entluden. Hier kam bestimmt keine falsche Sentimentalit\u00e4t auf und das war tr\u00f6stlich und faszinierend zugleich. Das Leben ging weiter, so als g\u00e4be es kein Weihnachten.<br \/>\nDer Sturm war inzwischen so heftig, dass wir bef\u00fcrchten mussten, Teile des Krans oder der Ladung w\u00fcrden auf unseren K\u00f6pfen, statt in den Schuppen landen. Das war nun doch ein bisschen zuviel Realit\u00e4t. Wir setzten uns ins Auto um Nachhause zu fahren um dort den Rest des Heilig abends im Bett zu verbringen, ihn einfach zu verschlafen.<\/p>\n<p><em> <\/em><\/p>\n<p><em> <\/em><\/p>\n<p><em> <\/em><\/p>\n<p><em> <\/em><\/p>\n<p><em> <\/em><\/p>\n<p><em> <\/em><\/p>\n<p><em> <\/em><\/p>\n<p><em> <\/em><\/p>\n","protected":false},"excerpt":{"rendered":"<p>Es war mein erster eigener Selbsterstandener und mir darum so wichtig. Zum Schm\u00fccken hatte ich nichts, au\u00dfer einer kurzen Lichterkette mit aufrecht stehenden Kerzen, die f\u00fcr die schwachen Zweige viel zu gro\u00df und schwer erschienen. Ich h\u00e4tte ohnedies nichts Konventuelles wie Kugeln und Lametta\u00e4hnliches akzeptiert. Mein B\u00e4umchen und mein Weihnachten sollten so nat\u00fcrlich, wie m\u00f6glich sein, eben anders.<\/p>\n","protected":false},"author":1,"featured_media":0,"comment_status":"open","ping_status":"open","sticky":false,"template":"","format":"standard","meta":{"footnotes":""},"categories":[15],"tags":[],"jetpack_featured_media_url":"","_links":{"self":[{"href":"http:\/\/www.kunstgalerie-barbara.de\/blog\/wp-json\/wp\/v2\/posts\/6898"}],"collection":[{"href":"http:\/\/www.kunstgalerie-barbara.de\/blog\/wp-json\/wp\/v2\/posts"}],"about":[{"href":"http:\/\/www.kunstgalerie-barbara.de\/blog\/wp-json\/wp\/v2\/types\/post"}],"author":[{"embeddable":true,"href":"http:\/\/www.kunstgalerie-barbara.de\/blog\/wp-json\/wp\/v2\/users\/1"}],"replies":[{"embeddable":true,"href":"http:\/\/www.kunstgalerie-barbara.de\/blog\/wp-json\/wp\/v2\/comments?post=6898"}],"version-history":[{"count":1,"href":"http:\/\/www.kunstgalerie-barbara.de\/blog\/wp-json\/wp\/v2\/posts\/6898\/revisions"}],"predecessor-version":[{"id":6900,"href":"http:\/\/www.kunstgalerie-barbara.de\/blog\/wp-json\/wp\/v2\/posts\/6898\/revisions\/6900"}],"wp:attachment":[{"href":"http:\/\/www.kunstgalerie-barbara.de\/blog\/wp-json\/wp\/v2\/media?parent=6898"}],"wp:term":[{"taxonomy":"category","embeddable":true,"href":"http:\/\/www.kunstgalerie-barbara.de\/blog\/wp-json\/wp\/v2\/categories?post=6898"},{"taxonomy":"post_tag","embeddable":true,"href":"http:\/\/www.kunstgalerie-barbara.de\/blog\/wp-json\/wp\/v2\/tags?post=6898"}],"curies":[{"name":"wp","href":"https:\/\/api.w.org\/{rel}","templated":true}]}}