{"id":6917,"date":"2013-12-08T06:07:52","date_gmt":"2013-12-08T04:07:52","guid":{"rendered":"http:\/\/www.kunstgalerie-barbara.de\/blog\/?p=6917"},"modified":"2013-12-08T16:12:36","modified_gmt":"2013-12-08T14:12:36","slug":"keine-gans-keine-ente-kein-tourkey-sondern","status":"publish","type":"post","link":"http:\/\/www.kunstgalerie-barbara.de\/blog\/2013\/12\/keine-gans-keine-ente-kein-tourkey-sondern\/","title":{"rendered":"Backofenschlemmerei zum zweiten Advent&#8230;"},"content":{"rendered":"<p style=\"text-align: center;\"><a href=\"http:\/\/www.kunstgalerie-barbara.de\/blog\/wp-content\/uploads\/2013\/12\/page.jpg\"><img loading=\"lazy\" decoding=\"async\" class=\"aligncenter size-full wp-image-13453\" alt=\"page\" src=\"http:\/\/www.kunstgalerie-barbara.de\/blog\/wp-content\/uploads\/2013\/12\/page.jpg\" width=\"404\" height=\"404\" srcset=\"http:\/\/www.kunstgalerie-barbara.de\/blog\/wp-content\/uploads\/2013\/12\/page.jpg 404w, http:\/\/www.kunstgalerie-barbara.de\/blog\/wp-content\/uploads\/2013\/12\/page-150x150.jpg 150w, http:\/\/www.kunstgalerie-barbara.de\/blog\/wp-content\/uploads\/2013\/12\/page-300x300.jpg 300w\" sizes=\"(max-width: 404px) 100vw, 404px\" \/><\/a><\/p>\n<p style=\"text-align: center;\"><strong><em><span style=\"text-decoration: underline;\">Backofengem\u00fcse<\/span><!--more--><\/em><\/strong><strong><em><br \/>\nPro Person drei Kartoffeln sch\u00e4len, vierteln und vorgaren<br \/>\npro Person ein bis zwei Paprikaschoten waschen\u00a0 und in nicht zu kleine Streifen schneiden<br \/>\nein bis zwei mittelgro\u00dfe Zuchinis in nicht zu d\u00fcnne Scheiben und<br \/>\nzwei gro\u00dfe M\u00f6hren in Scheiben schneiden, Tomaten vierteln, Fenchel in Streifen schneiden,\u00a0<\/em><\/strong> <strong><em> Zwei Knoblauchknollen,<br \/>\nKr\u00e4utersalz<br \/>\nzersto\u00dfener Koriander<br \/>\nOregano getrocknet, Rosmarin getrocknet oder frisch<br \/>\nRaps\u00f6l oder irgend ein anderes \u00d6l<br \/>\nEin Ofen- Blech reichlich mit \u00d6l begie\u00dfen, etwa 10 E\u00dfl. dann alles Gem\u00fcse nacheinander auf dem Blech verteilen mit Kr\u00e4utersalz oder normalem Salz bestreuen, danach mit Oregano und zum Schlu\u00df im M\u00f6rser zersto\u00dfenem Koreander bestreuen.<br \/>\nDie beiden Knoblauchknollen quer durchschneiden und die Zehen l\u00f6sen, um sie auf dem Gem\u00fcse zu verteilen und dann alles\u00a0 noch einmal wenden. <\/em><\/strong><\/p>\n<p style=\"text-align: center;\"><strong><em>Im Backofen bei Umluft und 200\u00b0 40Min.garen.<br \/>\nServiert wird das Ofengem\u00fcse mit einem Klacks Joghurd.<br \/>\nEin k\u00f6stlicher kulinarischer Genu\u00df, der nicht\u00a0 schwer im Magen liegt.<br \/>\n<\/em><\/strong><\/p>\n<p style=\"text-align: center;\">\n","protected":false},"excerpt":{"rendered":"<p>Backofengem\u00fcse<\/p>\n","protected":false},"author":1,"featured_media":0,"comment_status":"open","ping_status":"open","sticky":false,"template":"","format":"standard","meta":{"footnotes":""},"categories":[27],"tags":[],"jetpack_featured_media_url":"","_links":{"self":[{"href":"http:\/\/www.kunstgalerie-barbara.de\/blog\/wp-json\/wp\/v2\/posts\/6917"}],"collection":[{"href":"http:\/\/www.kunstgalerie-barbara.de\/blog\/wp-json\/wp\/v2\/posts"}],"about":[{"href":"http:\/\/www.kunstgalerie-barbara.de\/blog\/wp-json\/wp\/v2\/types\/post"}],"author":[{"embeddable":true,"href":"http:\/\/www.kunstgalerie-barbara.de\/blog\/wp-json\/wp\/v2\/users\/1"}],"replies":[{"embeddable":true,"href":"http:\/\/www.kunstgalerie-barbara.de\/blog\/wp-json\/wp\/v2\/comments?post=6917"}],"version-history":[{"count":1,"href":"http:\/\/www.kunstgalerie-barbara.de\/blog\/wp-json\/wp\/v2\/posts\/6917\/revisions"}],"predecessor-version":[{"id":13456,"href":"http:\/\/www.kunstgalerie-barbara.de\/blog\/wp-json\/wp\/v2\/posts\/6917\/revisions\/13456"}],"wp:attachment":[{"href":"http:\/\/www.kunstgalerie-barbara.de\/blog\/wp-json\/wp\/v2\/media?parent=6917"}],"wp:term":[{"taxonomy":"category","embeddable":true,"href":"http:\/\/www.kunstgalerie-barbara.de\/blog\/wp-json\/wp\/v2\/categories?post=6917"},{"taxonomy":"post_tag","embeddable":true,"href":"http:\/\/www.kunstgalerie-barbara.de\/blog\/wp-json\/wp\/v2\/tags?post=6917"}],"curies":[{"name":"wp","href":"https:\/\/api.w.org\/{rel}","templated":true}]}}