{"id":6924,"date":"2010-12-26T06:08:29","date_gmt":"2010-12-26T05:08:29","guid":{"rendered":"http:\/\/www.kunstgalerie-barbara.de\/blog\/?p=6924"},"modified":"2010-12-28T15:27:46","modified_gmt":"2010-12-28T14:27:46","slug":"zum-dessert-eine-tasse-heisse-schokolade-mit-sahne","status":"publish","type":"post","link":"http:\/\/www.kunstgalerie-barbara.de\/blog\/2010\/12\/zum-dessert-eine-tasse-heisse-schokolade-mit-sahne\/","title":{"rendered":"Zum Dessert eine Tasse hei\u00dfe Schokolade mit Sahne&#8230;"},"content":{"rendered":"<p style=\"text-align: center;\"><a href=\"http:\/\/www.kunstgalerie-barbara.de\/blog\/wp-content\/uploads\/2010\/12\/P10100181.jpg\"><img loading=\"lazy\" decoding=\"async\" class=\"aligncenter size-full wp-image-6960\" title=\"P1010018\" src=\"http:\/\/www.kunstgalerie-barbara.de\/blog\/wp-content\/uploads\/2010\/12\/P10100181.jpg\" alt=\"\" width=\"302\" height=\"403\" \/><\/a>Kakao zubereiten mit Zimt, Vanille und einer Prise\u00a0 Nelken w\u00fcrzen.<br \/>\nObenauf ein gro\u00dfen Klacks Honigsahne. Best\u00e4ubt wird das Ganze noch einmal mit ein wenig Kakao:<br \/>\nEin durchaus festlicher Nachtisch!<\/p>\n","protected":false},"excerpt":{"rendered":"<p>Kakao zubereiten mit Zimt, Vanille und einer Prise\u00a0 Nelken w\u00fcrzen. Obenauf ein gro\u00dfen Klacks Honigsahne. Best\u00e4ubt wird das Ganze noch einmal mit ein wenig Kakao: Ein durchaus festlicher Nachtisch!<\/p>\n","protected":false},"author":1,"featured_media":0,"comment_status":"open","ping_status":"open","sticky":false,"template":"","format":"standard","meta":{"footnotes":""},"categories":[27],"tags":[],"jetpack_featured_media_url":"","_links":{"self":[{"href":"http:\/\/www.kunstgalerie-barbara.de\/blog\/wp-json\/wp\/v2\/posts\/6924"}],"collection":[{"href":"http:\/\/www.kunstgalerie-barbara.de\/blog\/wp-json\/wp\/v2\/posts"}],"about":[{"href":"http:\/\/www.kunstgalerie-barbara.de\/blog\/wp-json\/wp\/v2\/types\/post"}],"author":[{"embeddable":true,"href":"http:\/\/www.kunstgalerie-barbara.de\/blog\/wp-json\/wp\/v2\/users\/1"}],"replies":[{"embeddable":true,"href":"http:\/\/www.kunstgalerie-barbara.de\/blog\/wp-json\/wp\/v2\/comments?post=6924"}],"version-history":[{"count":1,"href":"http:\/\/www.kunstgalerie-barbara.de\/blog\/wp-json\/wp\/v2\/posts\/6924\/revisions"}],"predecessor-version":[{"id":6961,"href":"http:\/\/www.kunstgalerie-barbara.de\/blog\/wp-json\/wp\/v2\/posts\/6924\/revisions\/6961"}],"wp:attachment":[{"href":"http:\/\/www.kunstgalerie-barbara.de\/blog\/wp-json\/wp\/v2\/media?parent=6924"}],"wp:term":[{"taxonomy":"category","embeddable":true,"href":"http:\/\/www.kunstgalerie-barbara.de\/blog\/wp-json\/wp\/v2\/categories?post=6924"},{"taxonomy":"post_tag","embeddable":true,"href":"http:\/\/www.kunstgalerie-barbara.de\/blog\/wp-json\/wp\/v2\/tags?post=6924"}],"curies":[{"name":"wp","href":"https:\/\/api.w.org\/{rel}","templated":true}]}}