{"id":7079,"date":"2011-01-08T09:15:55","date_gmt":"2011-01-08T08:15:55","guid":{"rendered":"http:\/\/www.kunstgalerie-barbara.de\/blog\/?p=7079"},"modified":"2011-01-08T09:20:33","modified_gmt":"2011-01-08T08:20:33","slug":"ist-das-wirklich-gleichberechtigung","status":"publish","type":"post","link":"http:\/\/www.kunstgalerie-barbara.de\/blog\/2011\/01\/ist-das-wirklich-gleichberechtigung\/","title":{"rendered":"Ist das wirklich Gleichberechtigung&#8230;"},"content":{"rendered":"<p>Wenn eine Paketzustellein der DHL schwere K\u00fchlschr\u00e4nke ausliefern und mit dem neuen Besitzer zusammen in den Keller wuchten mu\u00df?<br \/>\nLeider ist dies t\u00e4gliche Realit\u00e4t!<\/p>\n","protected":false},"excerpt":{"rendered":"<p>Wenn eine Paketzustellein der DHL schwere K\u00fchlschr\u00e4nke ausliefern und mit dem neuen Besitzer zusammen in den Keller wuchten mu\u00df? Leider ist dies t\u00e4gliche Realit\u00e4t!<\/p>\n","protected":false},"author":1,"featured_media":0,"comment_status":"open","ping_status":"open","sticky":false,"template":"","format":"standard","meta":{"footnotes":""},"categories":[42],"tags":[],"jetpack_featured_media_url":"","_links":{"self":[{"href":"http:\/\/www.kunstgalerie-barbara.de\/blog\/wp-json\/wp\/v2\/posts\/7079"}],"collection":[{"href":"http:\/\/www.kunstgalerie-barbara.de\/blog\/wp-json\/wp\/v2\/posts"}],"about":[{"href":"http:\/\/www.kunstgalerie-barbara.de\/blog\/wp-json\/wp\/v2\/types\/post"}],"author":[{"embeddable":true,"href":"http:\/\/www.kunstgalerie-barbara.de\/blog\/wp-json\/wp\/v2\/users\/1"}],"replies":[{"embeddable":true,"href":"http:\/\/www.kunstgalerie-barbara.de\/blog\/wp-json\/wp\/v2\/comments?post=7079"}],"version-history":[{"count":1,"href":"http:\/\/www.kunstgalerie-barbara.de\/blog\/wp-json\/wp\/v2\/posts\/7079\/revisions"}],"predecessor-version":[{"id":7083,"href":"http:\/\/www.kunstgalerie-barbara.de\/blog\/wp-json\/wp\/v2\/posts\/7079\/revisions\/7083"}],"wp:attachment":[{"href":"http:\/\/www.kunstgalerie-barbara.de\/blog\/wp-json\/wp\/v2\/media?parent=7079"}],"wp:term":[{"taxonomy":"category","embeddable":true,"href":"http:\/\/www.kunstgalerie-barbara.de\/blog\/wp-json\/wp\/v2\/categories?post=7079"},{"taxonomy":"post_tag","embeddable":true,"href":"http:\/\/www.kunstgalerie-barbara.de\/blog\/wp-json\/wp\/v2\/tags?post=7079"}],"curies":[{"name":"wp","href":"https:\/\/api.w.org\/{rel}","templated":true}]}}